{"id":253215,"date":"2022-09-18T09:24:19","date_gmt":"2022-09-18T06:24:19","guid":{"rendered":"http:\/\/107.6.182.27\/es\/?p=253215"},"modified":"2023-01-10T15:12:23","modified_gmt":"2023-01-10T13:12:23","slug":"avanzan-obras-de-construccion-de-los-silos-del-puerto-de-tartous-y-de-las-facultades-de-artes-y-ingenieria-tecnica-fotos","status":"publish","type":"post","link":"https:\/\/archive.sana.sy\/es\/?p=253215","title":{"rendered":"Avanzan obras de construcci\u00f3n de los silos del puerto de Tartous y de las facultades de artes y ingenier\u00eda t\u00e9cnica (+ fotos)"},"content":{"rendered":"<p style=\"text-align: justify;\"><span style=\"color: #800000;\"><strong>Tartous, 18 sep (SANA)\u00a0<\/strong><\/span> Las obras del proyecto de rehabilitaci\u00f3n de los silos del puerto de la provincia costera de Tartous se completaron aproximadamente en un 80 por ciento, mientras el proyecto de construcci\u00f3n de la Universidad de Tartous avanza a buen ritmo.<\/p>\n<p style=\"text-align: justify;\"><img loading=\"lazy\" decoding=\"async\" class=\"size-medium wp-image-253217 alignright\" src=\"http:\/\/107.6.182.27\/es\/wp-content\/uploads\/2022\/09\/photo_2022-09-17_11-14-40-300x180.jpg\" alt=\"\" width=\"300\" height=\"180\" srcset=\"https:\/\/archive.sana.sy\/es\/wp-content\/uploads\/2022\/09\/photo_2022-09-17_11-14-40-300x180.jpg 300w, https:\/\/archive.sana.sy\/es\/wp-content\/uploads\/2022\/09\/photo_2022-09-17_11-14-40-150x90.jpg 150w, https:\/\/archive.sana.sy\/es\/wp-content\/uploads\/2022\/09\/photo_2022-09-17_11-14-40.jpg 660w\" sizes=\"(max-width: 300px) 100vw, 300px\" \/><\/p>\n<p style=\"text-align: justify;\">El ministro de Obras P\u00fablicas y Vivienda dijo que los trabajos de construcci\u00f3n estar\u00e1n completamente finalizados a mediados del pr\u00f3ximo noviembre, y luego comenzar\u00e1n los trabajos el\u00e9ctricos y mec\u00e1nicos.<\/p>\n<p style=\"text-align: justify;\">A su vez, el ministro de Educaci\u00f3n Superior, Bassam Ibrahim, afirm\u00f3 que los trabajos en el proyecto de construcci\u00f3n de las Facultades de Ingenier\u00eda T\u00e9cnica y de Artes avanzan a buen ritmo luego de asegurar los materiales y el combustible.<\/p>\n<p style=\"text-align: justify;\">Agreg\u00f3 que la superficie del edificio de la Facultad de Ingenier\u00eda T\u00e9cnica es de 19 mil metros cuadrados, mientras la de la Facultad de Artes es de 70 mil metros cuadrados.<\/p>\n<div id='gallery-1' class='gallery galleryid-253215 gallery-columns-1 gallery-size-full'><figure class='gallery-item'>\n\t\t\t<div class='gallery-icon landscape'>\n\t\t\t\t<a href='https:\/\/archive.sana.sy\/es\/?attachment_id=253218'><img loading=\"lazy\" decoding=\"async\" width=\"2560\" height=\"1706\" src=\"https:\/\/archive.sana.sy\/es\/wp-content\/uploads\/2022\/09\/photo_2022-09-17_10-47-43-scaled.jpg\" class=\"attachment-full size-full\" alt=\"\" srcset=\"https:\/\/archive.sana.sy\/es\/wp-content\/uploads\/2022\/09\/photo_2022-09-17_10-47-43-scaled.jpg 2560w, https:\/\/archive.sana.sy\/es\/wp-content\/uploads\/2022\/09\/photo_2022-09-17_10-47-43-300x200.jpg 300w, https:\/\/archive.sana.sy\/es\/wp-content\/uploads\/2022\/09\/photo_2022-09-17_10-47-43-1024x682.jpg 1024w, https:\/\/archive.sana.sy\/es\/wp-content\/uploads\/2022\/09\/photo_2022-09-17_10-47-43-150x100.jpg 150w, https:\/\/archive.sana.sy\/es\/wp-content\/uploads\/2022\/09\/photo_2022-09-17_10-47-43-768x512.jpg 768w, https:\/\/archive.sana.sy\/es\/wp-content\/uploads\/2022\/09\/photo_2022-09-17_10-47-43-1536x1024.jpg 1536w, https:\/\/archive.sana.sy\/es\/wp-content\/uploads\/2022\/09\/photo_2022-09-17_10-47-43-2048x1365.jpg 2048w\" sizes=\"(max-width: 2560px) 100vw, 2560px\" \/><\/a>\n\t\t\t<\/div><\/figure><figure class='gallery-item'>\n\t\t\t<div class='gallery-icon landscape'>\n\t\t\t\t<a href='https:\/\/archive.sana.sy\/es\/?attachment_id=253219'><img loading=\"lazy\" decoding=\"async\" width=\"2560\" height=\"1706\" src=\"https:\/\/archive.sana.sy\/es\/wp-content\/uploads\/2022\/09\/photo_2022-09-17_10-48-02-scaled.jpg\" class=\"attachment-full size-full\" alt=\"\" srcset=\"https:\/\/archive.sana.sy\/es\/wp-content\/uploads\/2022\/09\/photo_2022-09-17_10-48-02-scaled.jpg 2560w, https:\/\/archive.sana.sy\/es\/wp-content\/uploads\/2022\/09\/photo_2022-09-17_10-48-02-300x200.jpg 300w, https:\/\/archive.sana.sy\/es\/wp-content\/uploads\/2022\/09\/photo_2022-09-17_10-48-02-1024x682.jpg 1024w, https:\/\/archive.sana.sy\/es\/wp-content\/uploads\/2022\/09\/photo_2022-09-17_10-48-02-150x100.jpg 150w, https:\/\/archive.sana.sy\/es\/wp-content\/uploads\/2022\/09\/photo_2022-09-17_10-48-02-768x512.jpg 768w, https:\/\/archive.sana.sy\/es\/wp-content\/uploads\/2022\/09\/photo_2022-09-17_10-48-02-1536x1024.jpg 1536w, https:\/\/archive.sana.sy\/es\/wp-content\/uploads\/2022\/09\/photo_2022-09-17_10-48-02-2048x1365.jpg 2048w\" sizes=\"(max-width: 2560px) 100vw, 2560px\" \/><\/a>\n\t\t\t<\/div><\/figure><figure class='gallery-item'>\n\t\t\t<div class='gallery-icon landscape'>\n\t\t\t\t<a href='https:\/\/archive.sana.sy\/es\/?attachment_id=253221'><img loading=\"lazy\" decoding=\"async\" width=\"2560\" height=\"1706\" src=\"https:\/\/archive.sana.sy\/es\/wp-content\/uploads\/2022\/09\/photo_2022-09-17_15-04-26-scaled.jpg\" class=\"attachment-full size-full\" alt=\"\" srcset=\"https:\/\/archive.sana.sy\/es\/wp-content\/uploads\/2022\/09\/photo_2022-09-17_15-04-26-scaled.jpg 2560w, https:\/\/archive.sana.sy\/es\/wp-content\/uploads\/2022\/09\/photo_2022-09-17_15-04-26-300x200.jpg 300w, https:\/\/archive.sana.sy\/es\/wp-content\/uploads\/2022\/09\/photo_2022-09-17_15-04-26-1024x682.jpg 1024w, https:\/\/archive.sana.sy\/es\/wp-content\/uploads\/2022\/09\/photo_2022-09-17_15-04-26-150x100.jpg 150w, https:\/\/archive.sana.sy\/es\/wp-content\/uploads\/2022\/09\/photo_2022-09-17_15-04-26-768x512.jpg 768w, https:\/\/archive.sana.sy\/es\/wp-content\/uploads\/2022\/09\/photo_2022-09-17_15-04-26-1536x1024.jpg 1536w, https:\/\/archive.sana.sy\/es\/wp-content\/uploads\/2022\/09\/photo_2022-09-17_15-04-26-2048x1365.jpg 2048w\" sizes=\"(max-width: 2560px) 100vw, 2560px\" \/><\/a>\n\t\t\t<\/div><\/figure><figure class='gallery-item'>\n\t\t\t<div class='gallery-icon landscape'>\n\t\t\t\t<a href='https:\/\/archive.sana.sy\/es\/?attachment_id=253222'><img loading=\"lazy\" decoding=\"async\" width=\"2560\" height=\"1706\" src=\"https:\/\/archive.sana.sy\/es\/wp-content\/uploads\/2022\/09\/photo_2022-09-17_15-04-27-2-scaled.jpg\" class=\"attachment-full size-full\" alt=\"\" srcset=\"https:\/\/archive.sana.sy\/es\/wp-content\/uploads\/2022\/09\/photo_2022-09-17_15-04-27-2-scaled.jpg 2560w, https:\/\/archive.sana.sy\/es\/wp-content\/uploads\/2022\/09\/photo_2022-09-17_15-04-27-2-300x200.jpg 300w, https:\/\/archive.sana.sy\/es\/wp-content\/uploads\/2022\/09\/photo_2022-09-17_15-04-27-2-1024x682.jpg 1024w, https:\/\/archive.sana.sy\/es\/wp-content\/uploads\/2022\/09\/photo_2022-09-17_15-04-27-2-150x100.jpg 150w, https:\/\/archive.sana.sy\/es\/wp-content\/uploads\/2022\/09\/photo_2022-09-17_15-04-27-2-768x512.jpg 768w, https:\/\/archive.sana.sy\/es\/wp-content\/uploads\/2022\/09\/photo_2022-09-17_15-04-27-2-1536x1024.jpg 1536w, https:\/\/archive.sana.sy\/es\/wp-content\/uploads\/2022\/09\/photo_2022-09-17_15-04-27-2-2048x1365.jpg 2048w\" sizes=\"(max-width: 2560px) 100vw, 2560px\" \/><\/a>\n\t\t\t<\/div><\/figure><figure class='gallery-item'>\n\t\t\t<div class='gallery-icon landscape'>\n\t\t\t\t<a href='https:\/\/archive.sana.sy\/es\/?attachment_id=253223'><img loading=\"lazy\" decoding=\"async\" width=\"2560\" height=\"1706\" src=\"https:\/\/archive.sana.sy\/es\/wp-content\/uploads\/2022\/09\/photo_2022-09-17_15-04-27-3-scaled.jpg\" class=\"attachment-full size-full\" alt=\"\" srcset=\"https:\/\/archive.sana.sy\/es\/wp-content\/uploads\/2022\/09\/photo_2022-09-17_15-04-27-3-scaled.jpg 2560w, https:\/\/archive.sana.sy\/es\/wp-content\/uploads\/2022\/09\/photo_2022-09-17_15-04-27-3-300x200.jpg 300w, https:\/\/archive.sana.sy\/es\/wp-content\/uploads\/2022\/09\/photo_2022-09-17_15-04-27-3-1024x682.jpg 1024w, https:\/\/archive.sana.sy\/es\/wp-content\/uploads\/2022\/09\/photo_2022-09-17_15-04-27-3-150x100.jpg 150w, https:\/\/archive.sana.sy\/es\/wp-content\/uploads\/2022\/09\/photo_2022-09-17_15-04-27-3-768x512.jpg 768w, https:\/\/archive.sana.sy\/es\/wp-content\/uploads\/2022\/09\/photo_2022-09-17_15-04-27-3-1536x1024.jpg 1536w, https:\/\/archive.sana.sy\/es\/wp-content\/uploads\/2022\/09\/photo_2022-09-17_15-04-27-3-2048x1365.jpg 2048w\" sizes=\"(max-width: 2560px) 100vw, 2560px\" \/><\/a>\n\t\t\t<\/div><\/figure><figure class='gallery-item'>\n\t\t\t<div class='gallery-icon landscape'>\n\t\t\t\t<a href='https:\/\/archive.sana.sy\/es\/?attachment_id=253224'><img loading=\"lazy\" decoding=\"async\" width=\"2560\" height=\"1706\" src=\"https:\/\/archive.sana.sy\/es\/wp-content\/uploads\/2022\/09\/photo_2022-09-17_15-04-29-3-scaled.jpg\" class=\"attachment-full size-full\" alt=\"\" srcset=\"https:\/\/archive.sana.sy\/es\/wp-content\/uploads\/2022\/09\/photo_2022-09-17_15-04-29-3-scaled.jpg 2560w, https:\/\/archive.sana.sy\/es\/wp-content\/uploads\/2022\/09\/photo_2022-09-17_15-04-29-3-300x200.jpg 300w, https:\/\/archive.sana.sy\/es\/wp-content\/uploads\/2022\/09\/photo_2022-09-17_15-04-29-3-1024x682.jpg 1024w, https:\/\/archive.sana.sy\/es\/wp-content\/uploads\/2022\/09\/photo_2022-09-17_15-04-29-3-150x100.jpg 150w, https:\/\/archive.sana.sy\/es\/wp-content\/uploads\/2022\/09\/photo_2022-09-17_15-04-29-3-768x512.jpg 768w, https:\/\/archive.sana.sy\/es\/wp-content\/uploads\/2022\/09\/photo_2022-09-17_15-04-29-3-1536x1024.jpg 1536w, https:\/\/archive.sana.sy\/es\/wp-content\/uploads\/2022\/09\/photo_2022-09-17_15-04-29-3-2048x1365.jpg 2048w\" sizes=\"(max-width: 2560px) 100vw, 2560px\" \/><\/a>\n\t\t\t<\/div><\/figure><figure class='gallery-item'>\n\t\t\t<div class='gallery-icon landscape'>\n\t\t\t\t<a href='https:\/\/archive.sana.sy\/es\/?attachment_id=253225'><img loading=\"lazy\" decoding=\"async\" width=\"2560\" height=\"1706\" src=\"https:\/\/archive.sana.sy\/es\/wp-content\/uploads\/2022\/09\/photo_2022-09-17_15-04-29-4-scaled.jpg\" class=\"attachment-full size-full\" alt=\"\" srcset=\"https:\/\/archive.sana.sy\/es\/wp-content\/uploads\/2022\/09\/photo_2022-09-17_15-04-29-4-scaled.jpg 2560w, https:\/\/archive.sana.sy\/es\/wp-content\/uploads\/2022\/09\/photo_2022-09-17_15-04-29-4-300x200.jpg 300w, https:\/\/archive.sana.sy\/es\/wp-content\/uploads\/2022\/09\/photo_2022-09-17_15-04-29-4-1024x682.jpg 1024w, https:\/\/archive.sana.sy\/es\/wp-content\/uploads\/2022\/09\/photo_2022-09-17_15-04-29-4-150x100.jpg 150w, https:\/\/archive.sana.sy\/es\/wp-content\/uploads\/2022\/09\/photo_2022-09-17_15-04-29-4-768x512.jpg 768w, https:\/\/archive.sana.sy\/es\/wp-content\/uploads\/2022\/09\/photo_2022-09-17_15-04-29-4-1536x1024.jpg 1536w, https:\/\/archive.sana.sy\/es\/wp-content\/uploads\/2022\/09\/photo_2022-09-17_15-04-29-4-2048x1365.jpg 2048w\" sizes=\"(max-width: 2560px) 100vw, 2560px\" \/><\/a>\n\t\t\t<\/div><\/figure><figure class='gallery-item'>\n\t\t\t<div class='gallery-icon landscape'>\n\t\t\t\t<a href='https:\/\/archive.sana.sy\/es\/?attachment_id=253229'><img loading=\"lazy\" decoding=\"async\" width=\"2560\" height=\"1568\" src=\"https:\/\/archive.sana.sy\/es\/wp-content\/uploads\/2022\/09\/photo_2022-09-17_15-07-21-scaled.jpg\" class=\"attachment-full size-full\" alt=\"\" srcset=\"https:\/\/archive.sana.sy\/es\/wp-content\/uploads\/2022\/09\/photo_2022-09-17_15-07-21-scaled.jpg 2560w, https:\/\/archive.sana.sy\/es\/wp-content\/uploads\/2022\/09\/photo_2022-09-17_15-07-21-300x184.jpg 300w, https:\/\/archive.sana.sy\/es\/wp-content\/uploads\/2022\/09\/photo_2022-09-17_15-07-21-1024x627.jpg 1024w, https:\/\/archive.sana.sy\/es\/wp-content\/uploads\/2022\/09\/photo_2022-09-17_15-07-21-150x92.jpg 150w, https:\/\/archive.sana.sy\/es\/wp-content\/uploads\/2022\/09\/photo_2022-09-17_15-07-21-768x470.jpg 768w, https:\/\/archive.sana.sy\/es\/wp-content\/uploads\/2022\/09\/photo_2022-09-17_15-07-21-1536x941.jpg 1536w, https:\/\/archive.sana.sy\/es\/wp-content\/uploads\/2022\/09\/photo_2022-09-17_15-07-21-2048x1254.jpg 2048w\" sizes=\"(max-width: 2560px) 100vw, 2560px\" \/><\/a>\n\t\t\t<\/div><\/figure><figure class='gallery-item'>\n\t\t\t<div class='gallery-icon landscape'>\n\t\t\t\t<a href='https:\/\/archive.sana.sy\/es\/?attachment_id=253230'><img loading=\"lazy\" decoding=\"async\" width=\"2560\" height=\"1533\" src=\"https:\/\/archive.sana.sy\/es\/wp-content\/uploads\/2022\/09\/photo_2022-09-17_15-07-26-scaled.jpg\" class=\"attachment-full size-full\" alt=\"\" srcset=\"https:\/\/archive.sana.sy\/es\/wp-content\/uploads\/2022\/09\/photo_2022-09-17_15-07-26-scaled.jpg 2560w, https:\/\/archive.sana.sy\/es\/wp-content\/uploads\/2022\/09\/photo_2022-09-17_15-07-26-300x180.jpg 300w, https:\/\/archive.sana.sy\/es\/wp-content\/uploads\/2022\/09\/photo_2022-09-17_15-07-26-1024x613.jpg 1024w, https:\/\/archive.sana.sy\/es\/wp-content\/uploads\/2022\/09\/photo_2022-09-17_15-07-26-150x90.jpg 150w, https:\/\/archive.sana.sy\/es\/wp-content\/uploads\/2022\/09\/photo_2022-09-17_15-07-26-768x460.jpg 768w, https:\/\/archive.sana.sy\/es\/wp-content\/uploads\/2022\/09\/photo_2022-09-17_15-07-26-1536x920.jpg 1536w, https:\/\/archive.sana.sy\/es\/wp-content\/uploads\/2022\/09\/photo_2022-09-17_15-07-26-2048x1226.jpg 2048w\" sizes=\"(max-width: 2560px) 100vw, 2560px\" \/><\/a>\n\t\t\t<\/div><\/figure>\n\t\t<\/div>\n\n<p style=\"text-align: justify;\"><strong>ws\/fm<\/strong><\/p>\n","protected":false},"excerpt":{"rendered":"<p>Tartous, 18 sep (SANA)\u00a0 Las obras del proyecto de rehabilitaci\u00f3n de los silos del puerto de la provincia costera de Tartous se completaron aproximadamente en un 80 por ciento, mientras el proyecto de construcci\u00f3n de la Universidad de Tartous avanza a buen ritmo. El ministro de Obras P\u00fablicas y Vivienda dijo que los trabajos de &hellip;<\/p>\n","protected":false},"author":35,"featured_media":253216,"comment_status":"closed","ping_status":"closed","sticky":false,"template":"","format":"standard","meta":{"footnotes":""},"categories":[597,16686,485,476,7541],"tags":[20910,1347],"class_list":["post-253215","post","type-post","status-publish","format-standard","has-post-thumbnail","","category-cinta-de-noticias","category-economia","category-informes-negocios-y-finanzas","category-locales","category-ultimas-noticias","tag-puerto-de-tartous","tag-sana"],"_links":{"self":[{"href":"https:\/\/archive.sana.sy\/es\/index.php?rest_route=\/wp\/v2\/posts\/253215"}],"collection":[{"href":"https:\/\/archive.sana.sy\/es\/index.php?rest_route=\/wp\/v2\/posts"}],"about":[{"href":"https:\/\/archive.sana.sy\/es\/index.php?rest_route=\/wp\/v2\/types\/post"}],"author":[{"embeddable":true,"href":"https:\/\/archive.sana.sy\/es\/index.php?rest_route=\/wp\/v2\/users\/35"}],"replies":[{"embeddable":true,"href":"https:\/\/archive.sana.sy\/es\/index.php?rest_route=%2Fwp%2Fv2%2Fcomments&post=253215"}],"version-history":[{"count":0,"href":"https:\/\/archive.sana.sy\/es\/index.php?rest_route=\/wp\/v2\/posts\/253215\/revisions"}],"wp:featuredmedia":[{"embeddable":true,"href":"https:\/\/archive.sana.sy\/es\/index.php?rest_route=\/wp\/v2\/media\/253216"}],"wp:attachment":[{"href":"https:\/\/archive.sana.sy\/es\/index.php?rest_route=%2Fwp%2Fv2%2Fmedia&parent=253215"}],"wp:term":[{"taxonomy":"category","embeddable":true,"href":"https:\/\/archive.sana.sy\/es\/index.php?rest_route=%2Fwp%2Fv2%2Fcategories&post=253215"},{"taxonomy":"post_tag","embeddable":true,"href":"https:\/\/archive.sana.sy\/es\/index.php?rest_route=%2Fwp%2Fv2%2Ftags&post=253215"}],"curies":[{"name":"wp","href":"https:\/\/api.w.org\/{rel}","templated":true}]}}