{"id":253235,"date":"2022-09-18T11:57:35","date_gmt":"2022-09-18T08:57:35","guid":{"rendered":"http:\/\/107.6.182.27\/es\/?p=253235"},"modified":"2023-01-10T15:53:01","modified_gmt":"2023-01-10T13:53:01","slug":"un-palestino-resulta-herido-por-fuego-del-ocupante-israeli","status":"publish","type":"post","link":"https:\/\/archive.sana.sy\/es\/?p=253235","title":{"rendered":"Un palestino resulta herido por fuego del ocupante israel\u00ed"},"content":{"rendered":"<p style=\"text-align: justify;\"><span style=\"color: #800000;\"><strong>Jerusal\u00e9n ocupada, 18 sep (SANA)\u00a0<\/strong> <\/span>Un palestino result\u00f3 herido esta ma\u00f1ana por disparos de las fuerzas de ocupaci\u00f3n israel\u00edes, al oeste de la ciudad de Bel\u00e9n, en Cisjordania.<\/p>\n<p style=\"text-align: justify;\">Seg\u00fan divulg\u00f3 la agencia de noticias WAFA, las tropas sionistas asaltaron la aldea de Husan al oeste de la ciudad y abrieron fuego contra los palestinos, y uno de ellos result\u00f3 herido y fue trasladado de urgencia al hospital para recibir tratamiento.<\/p>\n<p style=\"text-align: justify;\">Hace dos d\u00edas, decenas de palestinos resultaron heridos y otros sufrieron asfixia cuando los militares israel\u00edes reprimieron las manifestaciones contra los asentamientos en diferentes \u00e1reas de Cisjordania.<\/p>\n<p style=\"text-align: justify;\">ed\/fm<\/p>\n","protected":false},"excerpt":{"rendered":"<p>Jerusal\u00e9n ocupada, 18 sep (SANA)\u00a0 Un palestino result\u00f3 herido esta ma\u00f1ana por disparos de las fuerzas de ocupaci\u00f3n israel\u00edes, al oeste de la ciudad de Bel\u00e9n, en Cisjordania. Seg\u00fan divulg\u00f3 la agencia de noticias WAFA, las tropas sionistas asaltaron la aldea de Husan al oeste de la ciudad y abrieron fuego contra los palestinos, y &hellip;<\/p>\n","protected":false},"author":32,"featured_media":253236,"comment_status":"closed","ping_status":"closed","sticky":false,"template":"","format":"standard","meta":{"footnotes":""},"categories":[597,456,20724,7541],"tags":[9074,20914],"class_list":["post-253235","post","type-post","status-publish","format-standard","has-post-thumbnail","","category-cinta-de-noticias","category-arabe-internacional-politica","category-minuto-a-minuto","category-ultimas-noticias","tag-cisjordania","tag-husan"],"_links":{"self":[{"href":"https:\/\/archive.sana.sy\/es\/index.php?rest_route=\/wp\/v2\/posts\/253235"}],"collection":[{"href":"https:\/\/archive.sana.sy\/es\/index.php?rest_route=\/wp\/v2\/posts"}],"about":[{"href":"https:\/\/archive.sana.sy\/es\/index.php?rest_route=\/wp\/v2\/types\/post"}],"author":[{"embeddable":true,"href":"https:\/\/archive.sana.sy\/es\/index.php?rest_route=\/wp\/v2\/users\/32"}],"replies":[{"embeddable":true,"href":"https:\/\/archive.sana.sy\/es\/index.php?rest_route=%2Fwp%2Fv2%2Fcomments&post=253235"}],"version-history":[{"count":0,"href":"https:\/\/archive.sana.sy\/es\/index.php?rest_route=\/wp\/v2\/posts\/253235\/revisions"}],"wp:featuredmedia":[{"embeddable":true,"href":"https:\/\/archive.sana.sy\/es\/index.php?rest_route=\/wp\/v2\/media\/253236"}],"wp:attachment":[{"href":"https:\/\/archive.sana.sy\/es\/index.php?rest_route=%2Fwp%2Fv2%2Fmedia&parent=253235"}],"wp:term":[{"taxonomy":"category","embeddable":true,"href":"https:\/\/archive.sana.sy\/es\/index.php?rest_route=%2Fwp%2Fv2%2Fcategories&post=253235"},{"taxonomy":"post_tag","embeddable":true,"href":"https:\/\/archive.sana.sy\/es\/index.php?rest_route=%2Fwp%2Fv2%2Ftags&post=253235"}],"curies":[{"name":"wp","href":"https:\/\/api.w.org\/{rel}","templated":true}]}}