{"id":253238,"date":"2022-09-18T12:03:50","date_gmt":"2022-09-18T09:03:50","guid":{"rendered":"http:\/\/107.6.182.27\/es\/?p=253238"},"modified":"2023-01-10T15:53:00","modified_gmt":"2023-01-10T13:53:00","slug":"fuerzas-de-kiev-arrestan-a-siete-estudiantes-de-sri-lanka-en-la-region-de-jarkov","status":"publish","type":"post","link":"https:\/\/archive.sana.sy\/es\/?p=253238","title":{"rendered":"Fuerzas de Kiev arrestan a siete estudiantes de Sri Lanka en la regi\u00f3n de J\u00e1rkov"},"content":{"rendered":"<p style=\"text-align: justify;\"><span style=\"color: #800000;\"><strong>Mosc\u00fa, 18 sep (SANA)<\/strong><\/span> El jefe de la Administraci\u00f3n C\u00edvico-militar de la regi\u00f3n de J\u00e1rkov, Vitaly Ganchev, dijo que los grupos neonazis ucranianos arrestaron a siete estudiantes de Sri Lanka y los llevaron a un destino desconocido.<\/p>\n<p style=\"text-align: justify;\">\u201cSiete nacionales de Sri Lanka que cursan estudios en la Facultad de Medicina de Kupyansk, fueron detenidos por unidades ucranianas nazis y llevados a un destino desconocido\u201d, dijo Ganchev citado por Sputnik.<\/p>\n<p style=\"text-align: justify;\">Agreg\u00f3 que \u201cdados los m\u00e9todos notorios que emplean los soldados ucranianos, no descartamos las provocaciones contra la administraci\u00f3n militar-civil de la regi\u00f3n de J\u00e1rkov\u201d.<\/p>\n<p style=\"text-align: justify;\">Anteriormente, los residentes de la provincia de J\u00e1rkov est\u00e1n siendo rehenes de las fuerzas de Kiev y sometidos a torturas, afirm\u00f3 Ganchev.<\/p>\n<p style=\"text-align: justify;\">ed\/fm<\/p>\n","protected":false},"excerpt":{"rendered":"<p>Mosc\u00fa, 18 sep (SANA) El jefe de la Administraci\u00f3n C\u00edvico-militar de la regi\u00f3n de J\u00e1rkov, Vitaly Ganchev, dijo que los grupos neonazis ucranianos arrestaron a siete estudiantes de Sri Lanka y los llevaron a un destino desconocido. \u201cSiete nacionales de Sri Lanka que cursan estudios en la Facultad de Medicina de Kupyansk, fueron detenidos por &hellip;<\/p>\n","protected":false},"author":32,"featured_media":253239,"comment_status":"closed","ping_status":"closed","sticky":false,"template":"","format":"standard","meta":{"footnotes":""},"categories":[597,456,20724,7541],"tags":[20708,20281,7016],"class_list":["post-253238","post","type-post","status-publish","format-standard","has-post-thumbnail","","category-cinta-de-noticias","category-arabe-internacional-politica","category-minuto-a-minuto","category-ultimas-noticias","tag-jarkov","tag-kiev","tag-moscu"],"_links":{"self":[{"href":"https:\/\/archive.sana.sy\/es\/index.php?rest_route=\/wp\/v2\/posts\/253238"}],"collection":[{"href":"https:\/\/archive.sana.sy\/es\/index.php?rest_route=\/wp\/v2\/posts"}],"about":[{"href":"https:\/\/archive.sana.sy\/es\/index.php?rest_route=\/wp\/v2\/types\/post"}],"author":[{"embeddable":true,"href":"https:\/\/archive.sana.sy\/es\/index.php?rest_route=\/wp\/v2\/users\/32"}],"replies":[{"embeddable":true,"href":"https:\/\/archive.sana.sy\/es\/index.php?rest_route=%2Fwp%2Fv2%2Fcomments&post=253238"}],"version-history":[{"count":0,"href":"https:\/\/archive.sana.sy\/es\/index.php?rest_route=\/wp\/v2\/posts\/253238\/revisions"}],"wp:featuredmedia":[{"embeddable":true,"href":"https:\/\/archive.sana.sy\/es\/index.php?rest_route=\/wp\/v2\/media\/253239"}],"wp:attachment":[{"href":"https:\/\/archive.sana.sy\/es\/index.php?rest_route=%2Fwp%2Fv2%2Fmedia&parent=253238"}],"wp:term":[{"taxonomy":"category","embeddable":true,"href":"https:\/\/archive.sana.sy\/es\/index.php?rest_route=%2Fwp%2Fv2%2Fcategories&post=253238"},{"taxonomy":"post_tag","embeddable":true,"href":"https:\/\/archive.sana.sy\/es\/index.php?rest_route=%2Fwp%2Fv2%2Ftags&post=253238"}],"curies":[{"name":"wp","href":"https:\/\/api.w.org\/{rel}","templated":true}]}}