{"id":253294,"date":"2022-09-18T16:13:57","date_gmt":"2022-09-18T13:13:57","guid":{"rendered":"http:\/\/107.6.182.27\/es\/?p=253294"},"modified":"2022-09-18T16:13:57","modified_gmt":"2022-09-18T13:13:57","slug":"dos-jugadores-sirios-ocuparon-segundo-y-tercer-lugar-en-el-campeonato-del-hombre-mas-fuerte","status":"publish","type":"post","link":"https:\/\/archive.sana.sy\/es\/?p=253294","title":{"rendered":"Dos jugadores sirios ocuparon segundo y tercer lugar en el Campeonato del Hombre M\u00e1s Fuerte"},"content":{"rendered":"<p style=\"text-align: justify;\"><span style=\"color: #800000;\"><strong>Beirut, 18 sep (SANA)<\/strong> <\/span>Los jugadores de la selecci\u00f3n siria de fuerza f\u00edsica, Abdullah Fadel y Hassan Al-Masry, lograron el segundo y tercer puesto en el Campeonato del Hombre M\u00e1s Fuerte 2022.<\/p>\n<p style=\"text-align: justify;\">Las competencias se desarrollaron en la capital libanesa, Beirut, con la participaci\u00f3n de atletas de Egipto, L\u00edbano, Iraq y Palestina, adem\u00e1s de Siria.<\/p>\n<p style=\"text-align: justify;\">Cabe destacar que el campe\u00f3n del L\u00edbano logr\u00f3 el primer lugar en el torneo clasificatorio para el Campeonato del Hombre M\u00e1s Fuerte del Mundo.<\/p>\n<p style=\"text-align: justify;\">fm\/ed<\/p>\n","protected":false},"excerpt":{"rendered":"<p>Beirut, 18 sep (SANA) Los jugadores de la selecci\u00f3n siria de fuerza f\u00edsica, Abdullah Fadel y Hassan Al-Masry, lograron el segundo y tercer puesto en el Campeonato del Hombre M\u00e1s Fuerte 2022. Las competencias se desarrollaron en la capital libanesa, Beirut, con la participaci\u00f3n de atletas de Egipto, L\u00edbano, Iraq y Palestina, adem\u00e1s de Siria. &hellip;<\/p>\n","protected":false},"author":32,"featured_media":253295,"comment_status":"closed","ping_status":"closed","sticky":false,"template":"","format":"standard","meta":{"footnotes":""},"categories":[597,494,20724,476,7541],"tags":[8947,8253,20918,8542,6553],"class_list":["post-253294","post","type-post","status-publish","format-standard","has-post-thumbnail","","category-cinta-de-noticias","category-deportes","category-minuto-a-minuto","category-locales","category-ultimas-noticias","tag-beirut","tag-egipto","tag-iraq-y-palestina","tag-libano","tag-siria"],"_links":{"self":[{"href":"https:\/\/archive.sana.sy\/es\/index.php?rest_route=\/wp\/v2\/posts\/253294"}],"collection":[{"href":"https:\/\/archive.sana.sy\/es\/index.php?rest_route=\/wp\/v2\/posts"}],"about":[{"href":"https:\/\/archive.sana.sy\/es\/index.php?rest_route=\/wp\/v2\/types\/post"}],"author":[{"embeddable":true,"href":"https:\/\/archive.sana.sy\/es\/index.php?rest_route=\/wp\/v2\/users\/32"}],"replies":[{"embeddable":true,"href":"https:\/\/archive.sana.sy\/es\/index.php?rest_route=%2Fwp%2Fv2%2Fcomments&post=253294"}],"version-history":[{"count":0,"href":"https:\/\/archive.sana.sy\/es\/index.php?rest_route=\/wp\/v2\/posts\/253294\/revisions"}],"wp:featuredmedia":[{"embeddable":true,"href":"https:\/\/archive.sana.sy\/es\/index.php?rest_route=\/wp\/v2\/media\/253295"}],"wp:attachment":[{"href":"https:\/\/archive.sana.sy\/es\/index.php?rest_route=%2Fwp%2Fv2%2Fmedia&parent=253294"}],"wp:term":[{"taxonomy":"category","embeddable":true,"href":"https:\/\/archive.sana.sy\/es\/index.php?rest_route=%2Fwp%2Fv2%2Fcategories&post=253294"},{"taxonomy":"post_tag","embeddable":true,"href":"https:\/\/archive.sana.sy\/es\/index.php?rest_route=%2Fwp%2Fv2%2Ftags&post=253294"}],"curies":[{"name":"wp","href":"https:\/\/api.w.org\/{rel}","templated":true}]}}