{"id":253297,"date":"2022-09-18T18:02:20","date_gmt":"2022-09-18T15:02:20","guid":{"rendered":"http:\/\/107.6.182.27\/es\/?p=253297"},"modified":"2022-09-18T22:34:18","modified_gmt":"2022-09-18T19:34:18","slug":"largometrajes-sirios-ganan-premios-de-creatividad-en-festival-de-cine-y-television-del-libano","status":"publish","type":"post","link":"https:\/\/archive.sana.sy\/es\/?p=253297","title":{"rendered":"Largometrajes sirios ganan premios de Creatividad en Festival de Cine y Televisi\u00f3n del L\u00edbano"},"content":{"rendered":"<p style=\"text-align: justify;\"><span style=\"color: #800000;\"><strong>Damasco, 18 sep (SANA)\u00a0 \u00a0<\/strong><\/span>Dos largometrajes sirios lograron el Premio de la Creatividad en la 11\u00aa edici\u00f3n del Festival de Cine y Televisi\u00f3n del L\u00edbano.<\/p>\n<p style=\"text-align: justify;\">El festival tuvo lugar del 14 al 17 del mes en curso en la capital libanesa, Beirut.<\/p>\n<p style=\"text-align: justify;\">Las pel\u00edculas ganadas tituladas \u201cNubes Oscuras\u201d y \u201cLa Espalada a la Pared\u201d fueron producidos por la Empresa Estatal de cine.<\/p>\n<p style=\"text-align: justify;\">rr\/fm<\/p>\n","protected":false},"excerpt":{"rendered":"<p>Damasco, 18 sep (SANA)\u00a0 \u00a0Dos largometrajes sirios lograron el Premio de la Creatividad en la 11\u00aa edici\u00f3n del Festival de Cine y Televisi\u00f3n del L\u00edbano. El festival tuvo lugar del 14 al 17 del mes en curso en la capital libanesa, Beirut. Las pel\u00edculas ganadas tituladas \u201cNubes Oscuras\u201d y \u201cLa Espalada a la Pared\u201d fueron &hellip;<\/p>\n","protected":false},"author":31,"featured_media":253298,"comment_status":"closed","ping_status":"closed","sticky":false,"template":"","format":"standard","meta":{"footnotes":""},"categories":[597,510,20724,467],"tags":[9092,20937,19757,20534,8542,19654,6553,20938],"class_list":["post-253297","post","type-post","status-publish","format-standard","has-post-thumbnail","","category-cinta-de-noticias","category-arte-y-cultura","category-minuto-a-minuto","category-siria-y-el-mundo","tag-cine","tag-creatividad","tag-festival","tag-largometraje","tag-libano","tag-premio","tag-siria","tag-television"],"_links":{"self":[{"href":"https:\/\/archive.sana.sy\/es\/index.php?rest_route=\/wp\/v2\/posts\/253297"}],"collection":[{"href":"https:\/\/archive.sana.sy\/es\/index.php?rest_route=\/wp\/v2\/posts"}],"about":[{"href":"https:\/\/archive.sana.sy\/es\/index.php?rest_route=\/wp\/v2\/types\/post"}],"author":[{"embeddable":true,"href":"https:\/\/archive.sana.sy\/es\/index.php?rest_route=\/wp\/v2\/users\/31"}],"replies":[{"embeddable":true,"href":"https:\/\/archive.sana.sy\/es\/index.php?rest_route=%2Fwp%2Fv2%2Fcomments&post=253297"}],"version-history":[{"count":0,"href":"https:\/\/archive.sana.sy\/es\/index.php?rest_route=\/wp\/v2\/posts\/253297\/revisions"}],"wp:featuredmedia":[{"embeddable":true,"href":"https:\/\/archive.sana.sy\/es\/index.php?rest_route=\/wp\/v2\/media\/253298"}],"wp:attachment":[{"href":"https:\/\/archive.sana.sy\/es\/index.php?rest_route=%2Fwp%2Fv2%2Fmedia&parent=253297"}],"wp:term":[{"taxonomy":"category","embeddable":true,"href":"https:\/\/archive.sana.sy\/es\/index.php?rest_route=%2Fwp%2Fv2%2Fcategories&post=253297"},{"taxonomy":"post_tag","embeddable":true,"href":"https:\/\/archive.sana.sy\/es\/index.php?rest_route=%2Fwp%2Fv2%2Ftags&post=253297"}],"curies":[{"name":"wp","href":"https:\/\/api.w.org\/{rel}","templated":true}]}}