{"id":253300,"date":"2022-09-18T18:18:03","date_gmt":"2022-09-18T15:18:03","guid":{"rendered":"http:\/\/107.6.182.27\/es\/?p=253300"},"modified":"2022-09-18T22:33:01","modified_gmt":"2022-09-18T19:33:01","slug":"siria-participa-en-conferencia-arabe-del-trabajo-y-reafirma-importancia-de-la-unidad-sindical","status":"publish","type":"post","link":"https:\/\/archive.sana.sy\/es\/?p=253300","title":{"rendered":"Siria participa en Conferencia \u00c1rabe del Trabajo y reafirma importancia de la unidad sindical"},"content":{"rendered":"<p style=\"text-align: justify;\"><span style=\"color: #800000;\"><strong>El Cairo, 18 sep (SANA)\u00a0 \u00a0<\/strong><\/span>La Secretar\u00eda General de la Federaci\u00f3n Internacional de Sindicatos \u00c1rabes sostuvo una reuni\u00f3n en la capital egipcia, el Cairo, en la que examin\u00f3 los preparativos necesarios para la convocatoria de la reuni\u00f3n del Consejo Central de la Federaci\u00f3n que se celebrar\u00e1 el 10 de octubre pr\u00f3ximo en Damasco.<\/p>\n<p style=\"text-align: justify;\">Seg\u00fan inform\u00f3 el portal informativo egipcio &#8220;Youm7&#8221;, la reuni\u00f3n fue encabezada por Jamal Al-Qadri, Secretario General de la Federaci\u00f3n Internacional de Sindicatos \u00c1rabes, y el jefe de la Federaci\u00f3n General de Sindicatos Sirios.<\/p>\n<p style=\"text-align: justify;\">A la reuni\u00f3n asistieron miembros de las secretar\u00edas generales de Irak, Egipto, Palestina, L\u00edbano, Bahr\u00e9in, Sud\u00e1n, T\u00fanez, Yemen y Mauritania.<\/p>\n<p style=\"text-align: justify;\">Al margen de la 48\u00aa sesi\u00f3n de la Conferencia \u00c1rabe del Trabajo celebrada en el Cairo, Al-Qadri comunic\u00f3 a SANA, que el Sindicato de Trabajadores de Siria es muy valorado a nivel \u00e1rabe, ya que representa la lucha laboral contra el terrorismo y por los desaf\u00edos que enfrenta.<\/p>\n<p style=\"text-align: justify;\">Las actividades de la Conferencia \u00c1rabe del Trabajo cuentan con la participaci\u00f3n de ministros de trabajo, organizaciones de empleadores y sindicatos de 21 pa\u00edses \u00e1rabes, adem\u00e1s de varias organizaciones \u00e1rabes e internacionales.<\/p>\n<p style=\"text-align: justify;\">El evento examinar\u00e1 los desaf\u00edos que enfrenta el movimiento laboral \u00e1rabe, la econom\u00eda digital y los problemas de empleo.<\/p>\n<p style=\"text-align: justify;\">rr\/fm<\/p>\n","protected":false},"excerpt":{"rendered":"<p>El Cairo, 18 sep (SANA)\u00a0 \u00a0La Secretar\u00eda General de la Federaci\u00f3n Internacional de Sindicatos \u00c1rabes sostuvo una reuni\u00f3n en la capital egipcia, el Cairo, en la que examin\u00f3 los preparativos necesarios para la convocatoria de la reuni\u00f3n del Consejo Central de la Federaci\u00f3n que se celebrar\u00e1 el 10 de octubre pr\u00f3ximo en Damasco. Seg\u00fan inform\u00f3 &hellip;<\/p>\n","protected":false},"author":31,"featured_media":253301,"comment_status":"closed","ping_status":"closed","sticky":false,"template":"","format":"standard","meta":{"footnotes":""},"categories":[597,20724,467],"tags":[20935,7161,8253,10571,20936,6553],"class_list":["post-253300","post","type-post","status-publish","format-standard","has-post-thumbnail","","category-cinta-de-noticias","category-minuto-a-minuto","category-siria-y-el-mundo","tag-conferencia-arabe-del-trabajo","tag-damasco","tag-egipto","tag-el-cairo","tag-sindicatos","tag-siria"],"_links":{"self":[{"href":"https:\/\/archive.sana.sy\/es\/index.php?rest_route=\/wp\/v2\/posts\/253300"}],"collection":[{"href":"https:\/\/archive.sana.sy\/es\/index.php?rest_route=\/wp\/v2\/posts"}],"about":[{"href":"https:\/\/archive.sana.sy\/es\/index.php?rest_route=\/wp\/v2\/types\/post"}],"author":[{"embeddable":true,"href":"https:\/\/archive.sana.sy\/es\/index.php?rest_route=\/wp\/v2\/users\/31"}],"replies":[{"embeddable":true,"href":"https:\/\/archive.sana.sy\/es\/index.php?rest_route=%2Fwp%2Fv2%2Fcomments&post=253300"}],"version-history":[{"count":0,"href":"https:\/\/archive.sana.sy\/es\/index.php?rest_route=\/wp\/v2\/posts\/253300\/revisions"}],"wp:featuredmedia":[{"embeddable":true,"href":"https:\/\/archive.sana.sy\/es\/index.php?rest_route=\/wp\/v2\/media\/253301"}],"wp:attachment":[{"href":"https:\/\/archive.sana.sy\/es\/index.php?rest_route=%2Fwp%2Fv2%2Fmedia&parent=253300"}],"wp:term":[{"taxonomy":"category","embeddable":true,"href":"https:\/\/archive.sana.sy\/es\/index.php?rest_route=%2Fwp%2Fv2%2Fcategories&post=253300"},{"taxonomy":"post_tag","embeddable":true,"href":"https:\/\/archive.sana.sy\/es\/index.php?rest_route=%2Fwp%2Fv2%2Ftags&post=253300"}],"curies":[{"name":"wp","href":"https:\/\/api.w.org\/{rel}","templated":true}]}}