{"id":253338,"date":"2022-09-19T05:58:22","date_gmt":"2022-09-19T02:58:22","guid":{"rendered":"http:\/\/107.6.182.27\/es\/?p=253338"},"modified":"2022-09-19T05:58:22","modified_gmt":"2022-09-19T02:58:22","slug":"eliminados-45-terroristas-en-ataque-aereo-contra-su-cuartel-en-idlib","status":"publish","type":"post","link":"https:\/\/archive.sana.sy\/es\/?p=253338","title":{"rendered":"Eliminados 45 terroristas en ataque a\u00e9reo contra su cuartel en Idlib"},"content":{"rendered":"<p style=\"text-align: justify;\"><span style=\"color: #800000;\"><strong>Mosc\u00fa, 19 sep (SANA)\u00a0<\/strong><\/span> Las Fuerzas Aeroespaciales de Rusia bombardearon una sede de la organizaci\u00f3n terrorista Frente Al-Nousra en la provincia septentrional siria de Idlib, y eliminaron a 45 terroristas, incluidos destacadas cabecillas, anunci\u00f3 el subjefe del Centro de Coordinaci\u00f3n Ruso con sede en la base de Hemeimim, Oleg Egorov.<\/p>\n<p style=\"text-align: justify;\">Aclar\u00f3 que \u201cel ataque se efectu\u00f3 el d\u00eda 17 de este mes contra una base de Al-Nousra en las cercan\u00edas de la aldea de Sheikh Yussef en Idlib.<\/p>\n<p style=\"text-align: justify;\">El general indic\u00f3 que entre los 45 terroristas eliminados, figuran Bilal Saed y Abu Dujana Al-Diri, y agreg\u00f3 que varios almacenes de armas fueron destruidos en la incursi\u00f3n.<\/p>\n<p style=\"text-align: justify;\">El d\u00eda 14 de este mes, m\u00e1s de 120 terroristas, incluidos entrenadores extranjeros, murieron en ataques a\u00e9reos conjuntos del Ej\u00e9rcito \u00c1rabe Sirio y las Fuerzas Rusas contra un cuartel general donde los terroristas \u00a0se entrenaban para lanzar drones.<\/p>\n<p style=\"text-align: justify;\">fm<\/p>\n","protected":false},"excerpt":{"rendered":"<p>Mosc\u00fa, 19 sep (SANA)\u00a0 Las Fuerzas Aeroespaciales de Rusia bombardearon una sede de la organizaci\u00f3n terrorista Frente Al-Nousra en la provincia septentrional siria de Idlib, y eliminaron a 45 terroristas, incluidos destacadas cabecillas, anunci\u00f3 el subjefe del Centro de Coordinaci\u00f3n Ruso con sede en la base de Hemeimim, Oleg Egorov. Aclar\u00f3 que \u201cel ataque se &hellip;<\/p>\n","protected":false},"author":34,"featured_media":253339,"comment_status":"closed","ping_status":"closed","sticky":false,"template":"","format":"standard","meta":{"footnotes":""},"categories":[477,597,476,457,583],"tags":[],"class_list":["post-253338","post","type-post","status-publish","format-standard","has-post-thumbnail","","category-noticias-edulcorantes","category-cinta-de-noticias","category-locales","category-noticias-arabe-internacional-politica","category-slide"],"_links":{"self":[{"href":"https:\/\/archive.sana.sy\/es\/index.php?rest_route=\/wp\/v2\/posts\/253338"}],"collection":[{"href":"https:\/\/archive.sana.sy\/es\/index.php?rest_route=\/wp\/v2\/posts"}],"about":[{"href":"https:\/\/archive.sana.sy\/es\/index.php?rest_route=\/wp\/v2\/types\/post"}],"author":[{"embeddable":true,"href":"https:\/\/archive.sana.sy\/es\/index.php?rest_route=\/wp\/v2\/users\/34"}],"replies":[{"embeddable":true,"href":"https:\/\/archive.sana.sy\/es\/index.php?rest_route=%2Fwp%2Fv2%2Fcomments&post=253338"}],"version-history":[{"count":0,"href":"https:\/\/archive.sana.sy\/es\/index.php?rest_route=\/wp\/v2\/posts\/253338\/revisions"}],"wp:featuredmedia":[{"embeddable":true,"href":"https:\/\/archive.sana.sy\/es\/index.php?rest_route=\/wp\/v2\/media\/253339"}],"wp:attachment":[{"href":"https:\/\/archive.sana.sy\/es\/index.php?rest_route=%2Fwp%2Fv2%2Fmedia&parent=253338"}],"wp:term":[{"taxonomy":"category","embeddable":true,"href":"https:\/\/archive.sana.sy\/es\/index.php?rest_route=%2Fwp%2Fv2%2Fcategories&post=253338"},{"taxonomy":"post_tag","embeddable":true,"href":"https:\/\/archive.sana.sy\/es\/index.php?rest_route=%2Fwp%2Fv2%2Ftags&post=253338"}],"curies":[{"name":"wp","href":"https:\/\/api.w.org\/{rel}","templated":true}]}}