{"id":253371,"date":"2022-09-19T12:25:13","date_gmt":"2022-09-19T09:25:13","guid":{"rendered":"http:\/\/107.6.182.27\/es\/?p=253371"},"modified":"2023-01-10T15:52:58","modified_gmt":"2023-01-10T13:52:58","slug":"europa-no-puede-soportar-el-proximo-invierno-sin-el-gas-ruso","status":"publish","type":"post","link":"https:\/\/archive.sana.sy\/es\/?p=253371","title":{"rendered":"Europa no puede soportar el pr\u00f3ximo invierno sin el gas ruso"},"content":{"rendered":"<p style=\"text-align: justify;\"><span style=\"color: #800000;\"><strong>Mosc\u00fa, 19 sep (SANA)\u00a0<\/strong><\/span> \u00a0Europa no puede soportar el pr\u00f3ximo invierno y el 2023 sin el gas ruso.<\/p>\n<p style=\"text-align: justify;\">Seg\u00fan divulg\u00f3 RIA Novosti, un grupo de expertos rusos revelaron que algunos pa\u00edses europeos buscan reducir su consumo de gas ruso en 2022-2023 a cambio de parar muchos de sus sectores productivos, pero al final no podr\u00e1n prescindir del gas ruso.<\/p>\n<p style=\"text-align: justify;\">La Uni\u00f3n Europea ya ha suspendido el 70 por ciento de sus capacidades de producci\u00f3n de fertilizantes nitrogenados, la producci\u00f3n de aluminio en un 25 por ciento y la producci\u00f3n de acero en un 5 por ciento.<\/p>\n<p style=\"text-align: justify;\">ed\/fm<\/p>\n","protected":false},"excerpt":{"rendered":"<p>Mosc\u00fa, 19 sep (SANA)\u00a0 \u00a0Europa no puede soportar el pr\u00f3ximo invierno y el 2023 sin el gas ruso. Seg\u00fan divulg\u00f3 RIA Novosti, un grupo de expertos rusos revelaron que algunos pa\u00edses europeos buscan reducir su consumo de gas ruso en 2022-2023 a cambio de parar muchos de sus sectores productivos, pero al final no podr\u00e1n &hellip;<\/p>\n","protected":false},"author":32,"featured_media":253372,"comment_status":"closed","ping_status":"closed","sticky":false,"template":"","format":"standard","meta":{"footnotes":""},"categories":[597,456,20724,7541],"tags":[19911,7016],"class_list":["post-253371","post","type-post","status-publish","format-standard","has-post-thumbnail","","category-cinta-de-noticias","category-arabe-internacional-politica","category-minuto-a-minuto","category-ultimas-noticias","tag-europa","tag-moscu"],"_links":{"self":[{"href":"https:\/\/archive.sana.sy\/es\/index.php?rest_route=\/wp\/v2\/posts\/253371"}],"collection":[{"href":"https:\/\/archive.sana.sy\/es\/index.php?rest_route=\/wp\/v2\/posts"}],"about":[{"href":"https:\/\/archive.sana.sy\/es\/index.php?rest_route=\/wp\/v2\/types\/post"}],"author":[{"embeddable":true,"href":"https:\/\/archive.sana.sy\/es\/index.php?rest_route=\/wp\/v2\/users\/32"}],"replies":[{"embeddable":true,"href":"https:\/\/archive.sana.sy\/es\/index.php?rest_route=%2Fwp%2Fv2%2Fcomments&post=253371"}],"version-history":[{"count":0,"href":"https:\/\/archive.sana.sy\/es\/index.php?rest_route=\/wp\/v2\/posts\/253371\/revisions"}],"wp:featuredmedia":[{"embeddable":true,"href":"https:\/\/archive.sana.sy\/es\/index.php?rest_route=\/wp\/v2\/media\/253372"}],"wp:attachment":[{"href":"https:\/\/archive.sana.sy\/es\/index.php?rest_route=%2Fwp%2Fv2%2Fmedia&parent=253371"}],"wp:term":[{"taxonomy":"category","embeddable":true,"href":"https:\/\/archive.sana.sy\/es\/index.php?rest_route=%2Fwp%2Fv2%2Fcategories&post=253371"},{"taxonomy":"post_tag","embeddable":true,"href":"https:\/\/archive.sana.sy\/es\/index.php?rest_route=%2Fwp%2Fv2%2Ftags&post=253371"}],"curies":[{"name":"wp","href":"https:\/\/api.w.org\/{rel}","templated":true}]}}