{"id":253402,"date":"2022-09-19T15:40:38","date_gmt":"2022-09-19T12:40:38","guid":{"rendered":"http:\/\/107.6.182.27\/es\/?p=253402"},"modified":"2022-09-19T15:41:28","modified_gmt":"2022-09-19T12:41:28","slug":"el-presidente-al-assad-recibio-al-director-de-la-region-del-mediterraneo-oriental-de-la-organizacion-mundial-de-la-salud","status":"publish","type":"post","link":"https:\/\/archive.sana.sy\/es\/?p=253402","title":{"rendered":"El presidente al-Assad recibi\u00f3 al director de la Regi\u00f3n del Mediterr\u00e1neo Oriental de la Organizaci\u00f3n Mundial de la Salud"},"content":{"rendered":"<blockquote><p><span style=\"color: #800000;\"><strong>Al-Assad destac\u00f3 que \u201cla unidad de inter\u00e9s regional en materia de salud requiere trabajo y cooperaci\u00f3n entre todos los pa\u00edses de la regi\u00f3n para enfrentar las enfermedades que se propagan y se transmiten de un pa\u00eds a otro\u201d.<\/strong><\/span><\/p><\/blockquote>\n<p style=\"text-align: justify;\"><span style=\"color: #800000;\"><strong>Damasco, 19 sep (SANA)<\/strong> <\/span>El presidente Bashar al-Assad, recibi\u00f3 hoy a Ahmed al-Mandhari, director de la Regi\u00f3n del Mediterr\u00e1neo Oriental de la Organizaci\u00f3n Mundial de la Salud (OMS).<\/p>\n<p style=\"text-align: justify;\">Las conversaciones sostenidas durante el encuentro trataron sobre la cooperaci\u00f3n activa entre la OMS y las instituciones del sector salud en Siria con el objetivo de mejorar la respuesta sanitaria, ya sea en t\u00e9rminos de lucha contra la epidemias y enfermedades, o el apoyo t\u00e9cnico con equipos e insumos m\u00e9dicos.<\/p>\n<p style=\"text-align: justify;\">El presidente al-Assad destac\u00f3 que la unidad de inter\u00e9s regional en materia de salud requiere trabajo y cooperaci\u00f3n entre todos los pa\u00edses de la regi\u00f3n para enfrentar las enfermedades que se propagan y se transmiten de un pa\u00eds a otro.<\/p>\n<p style=\"text-align: justify;\">A su vez, al-Mandhari expres\u00f3 el agradecimiento por el apoyo y las facilidades brindadas por Siria a la labor de la Organizaci\u00f3n con el objetivo de brindar asistencia m\u00e9dica a las personas en todos los territorios sirios.<\/p>\n<p style=\"text-align: justify;\">\u201cSiria siempre ha brindado muchas iniciativas a nivel de la Organizaci\u00f3n Mundial de la Salud en varios campos\u201d, indic\u00f3.<\/p>\n","protected":false},"excerpt":{"rendered":"<p>Al-Assad destac\u00f3 que \u201cla unidad de inter\u00e9s regional en materia de salud requiere trabajo y cooperaci\u00f3n entre todos los pa\u00edses de la regi\u00f3n para enfrentar las enfermedades que se propagan y se transmiten de un pa\u00eds a otro\u201d. Damasco, 19 sep (SANA) El presidente Bashar al-Assad, recibi\u00f3 hoy a Ahmed al-Mandhari, director de la Regi\u00f3n &hellip;<\/p>\n","protected":false},"author":36,"featured_media":253403,"comment_status":"closed","ping_status":"closed","sticky":false,"template":"","format":"standard","meta":{"footnotes":""},"categories":[597,20724,16237,467,583,626],"tags":[20947],"class_list":["post-253402","post","type-post","status-publish","format-standard","has-post-thumbnail","","category-cinta-de-noticias","category-minuto-a-minuto","category-presidence-de-la-republique-arabe-syria","category-siria-y-el-mundo","category-slide","category-sr-presidente","tag-el-presidente-bashar-al-assad-ahmed-al-mandhari"],"_links":{"self":[{"href":"https:\/\/archive.sana.sy\/es\/index.php?rest_route=\/wp\/v2\/posts\/253402"}],"collection":[{"href":"https:\/\/archive.sana.sy\/es\/index.php?rest_route=\/wp\/v2\/posts"}],"about":[{"href":"https:\/\/archive.sana.sy\/es\/index.php?rest_route=\/wp\/v2\/types\/post"}],"author":[{"embeddable":true,"href":"https:\/\/archive.sana.sy\/es\/index.php?rest_route=\/wp\/v2\/users\/36"}],"replies":[{"embeddable":true,"href":"https:\/\/archive.sana.sy\/es\/index.php?rest_route=%2Fwp%2Fv2%2Fcomments&post=253402"}],"version-history":[{"count":0,"href":"https:\/\/archive.sana.sy\/es\/index.php?rest_route=\/wp\/v2\/posts\/253402\/revisions"}],"wp:featuredmedia":[{"embeddable":true,"href":"https:\/\/archive.sana.sy\/es\/index.php?rest_route=\/wp\/v2\/media\/253403"}],"wp:attachment":[{"href":"https:\/\/archive.sana.sy\/es\/index.php?rest_route=%2Fwp%2Fv2%2Fmedia&parent=253402"}],"wp:term":[{"taxonomy":"category","embeddable":true,"href":"https:\/\/archive.sana.sy\/es\/index.php?rest_route=%2Fwp%2Fv2%2Fcategories&post=253402"},{"taxonomy":"post_tag","embeddable":true,"href":"https:\/\/archive.sana.sy\/es\/index.php?rest_route=%2Fwp%2Fv2%2Ftags&post=253402"}],"curies":[{"name":"wp","href":"https:\/\/api.w.org\/{rel}","templated":true}]}}