{"id":253408,"date":"2022-09-19T17:00:05","date_gmt":"2022-09-19T14:00:05","guid":{"rendered":"http:\/\/107.6.182.27\/es\/?p=253408"},"modified":"2023-01-10T15:52:58","modified_gmt":"2023-01-10T13:52:58","slug":"fuerzas-iraquies-neutralizan-a-14-terroristas-en-el-norte-del-pais","status":"publish","type":"post","link":"https:\/\/archive.sana.sy\/es\/?p=253408","title":{"rendered":"Fuerzas iraqu\u00edes neutralizan a 14 terroristas en el norte del pa\u00eds"},"content":{"rendered":"<p style=\"text-align: justify;\"><span style=\"color: #800000;\"><strong>Bagdad, 19 sep (SANA<\/strong><strong>)<\/strong><\/span> Las fuerzas iraqu\u00edes neutralizaron a 14 terroristas en el norte del pa\u00eds.<\/p>\n<p style=\"text-align: justify;\">\u201cGrupos terroristas atacaron varios sitios militares afiliados al ej\u00e9rcito y las Fuerzas de Movilizaci\u00f3n Popular en el sector de Hatra, al sur de N\u00ednive, donde las fuerzas lograron frustrar los ataques despu\u00e9s de nueve horas de combates\u201d, detall\u00f3 una fuente del Comando de Operaciones de N\u00ednive a la corresponsal de SANA en Bagdad.<\/p>\n<p style=\"text-align: justify;\">La fuente explic\u00f3 que al menos 14 terroristas fueron eliminados, y agreg\u00f3 que &#8220;los enfrentamientos resultaron en la muerte de 9 combatientes del Ej\u00e9rcito y de la Movilizaci\u00f3n Popular&#8221;.<\/p>\n<p>mm<\/p>\n","protected":false},"excerpt":{"rendered":"<p>Bagdad, 19 sep (SANA) Las fuerzas iraqu\u00edes neutralizaron a 14 terroristas en el norte del pa\u00eds. \u201cGrupos terroristas atacaron varios sitios militares afiliados al ej\u00e9rcito y las Fuerzas de Movilizaci\u00f3n Popular en el sector de Hatra, al sur de N\u00ednive, donde las fuerzas lograron frustrar los ataques despu\u00e9s de nueve horas de combates\u201d, detall\u00f3 una &hellip;<\/p>\n","protected":false},"author":36,"featured_media":253409,"comment_status":"closed","ping_status":"closed","sticky":false,"template":"","format":"standard","meta":{"footnotes":""},"categories":[597,456,20724,457,1],"tags":[7023],"class_list":["post-253408","post","type-post","status-publish","format-standard","has-post-thumbnail","","category-cinta-de-noticias","category-arabe-internacional-politica","category-minuto-a-minuto","category-noticias-arabe-internacional-politica","category-news-not-sorted","tag-irak"],"_links":{"self":[{"href":"https:\/\/archive.sana.sy\/es\/index.php?rest_route=\/wp\/v2\/posts\/253408"}],"collection":[{"href":"https:\/\/archive.sana.sy\/es\/index.php?rest_route=\/wp\/v2\/posts"}],"about":[{"href":"https:\/\/archive.sana.sy\/es\/index.php?rest_route=\/wp\/v2\/types\/post"}],"author":[{"embeddable":true,"href":"https:\/\/archive.sana.sy\/es\/index.php?rest_route=\/wp\/v2\/users\/36"}],"replies":[{"embeddable":true,"href":"https:\/\/archive.sana.sy\/es\/index.php?rest_route=%2Fwp%2Fv2%2Fcomments&post=253408"}],"version-history":[{"count":0,"href":"https:\/\/archive.sana.sy\/es\/index.php?rest_route=\/wp\/v2\/posts\/253408\/revisions"}],"wp:featuredmedia":[{"embeddable":true,"href":"https:\/\/archive.sana.sy\/es\/index.php?rest_route=\/wp\/v2\/media\/253409"}],"wp:attachment":[{"href":"https:\/\/archive.sana.sy\/es\/index.php?rest_route=%2Fwp%2Fv2%2Fmedia&parent=253408"}],"wp:term":[{"taxonomy":"category","embeddable":true,"href":"https:\/\/archive.sana.sy\/es\/index.php?rest_route=%2Fwp%2Fv2%2Fcategories&post=253408"},{"taxonomy":"post_tag","embeddable":true,"href":"https:\/\/archive.sana.sy\/es\/index.php?rest_route=%2Fwp%2Fv2%2Ftags&post=253408"}],"curies":[{"name":"wp","href":"https:\/\/api.w.org\/{rel}","templated":true}]}}