{"id":253414,"date":"2022-09-19T15:34:29","date_gmt":"2022-09-19T12:34:29","guid":{"rendered":"http:\/\/107.6.182.27\/es\/?p=253414"},"modified":"2022-09-19T17:34:37","modified_gmt":"2022-09-19T14:34:37","slug":"siria-y-la-onu-acuerdan-fortalecer-los-servicios-de-la-administracion-local","status":"publish","type":"post","link":"https:\/\/archive.sana.sy\/es\/?p=253414","title":{"rendered":"Siria y la ONU acuerdan fortalecer los servicios de la Administraci\u00f3n Local"},"content":{"rendered":"<p style=\"text-align: justify;\"><span style=\"color: #800000;\"><strong>Damasco, 19 sep (SANA)\u00a0<\/strong> <\/span>El ministro de Administraci\u00f3n Local y Medio Ambiente, Hussein Makhlouf, destac\u00f3 la necesidad de implementar proyectos conjuntos que mejoren los servicios de administraci\u00f3n local entre el Programa de las Naciones Unidas para los Asentamientos Humanos y Siria.<\/p>\n<p style=\"text-align: justify;\">El Ministro sirio, durante su reuni\u00f3n con el director del Programa de las Naciones Unidas para los Asentamientos Humanos en Siria, Ryan Lloyd Knox, con motivo de terminar su misi\u00f3n en el pa\u00eds, enfatiz\u00f3 la importancia de los proyectos que se implementaron en cooperaci\u00f3n entre las dos partes durante su mandato como director del Programa.<\/p>\n<p style=\"text-align: justify;\">Asimismo, el titular sirio subray\u00f3 la necesidad de que el Programa se concentre en la implementaci\u00f3n de proyectos que ayuden a fortalecer los servicios prestados por la Administraci\u00f3n Local.<\/p>\n<p style=\"text-align: justify;\">Por su parte, el funcionario de la ONU elogi\u00f3 el apoyo brindado por el Ministerio al Programa durante su mandato, y se\u00f1al\u00f3 que la cooperaci\u00f3n result\u00f3 en realizar proyectos en m\u00faltiples campos, especialmente en el campo de la planificaci\u00f3n local y los planes de recuperaci\u00f3n temprana en las provincias, indicando que se seguir\u00e1 trabajando para lograr una mayor coordinaci\u00f3n y cooperaci\u00f3n en proyectos conjuntos.<\/p>\n<p style=\"text-align: justify;\">sm\/mm<\/p>\n","protected":false},"excerpt":{"rendered":"<p>Damasco, 19 sep (SANA)\u00a0 El ministro de Administraci\u00f3n Local y Medio Ambiente, Hussein Makhlouf, destac\u00f3 la necesidad de implementar proyectos conjuntos que mejoren los servicios de administraci\u00f3n local entre el Programa de las Naciones Unidas para los Asentamientos Humanos y Siria. El Ministro sirio, durante su reuni\u00f3n con el director del Programa de las Naciones &hellip;<\/p>\n","protected":false},"author":39,"featured_media":253415,"comment_status":"closed","ping_status":"closed","sticky":false,"template":"","format":"standard","meta":{"footnotes":""},"categories":[597,20724,476,7541],"tags":[20950,8799,20949],"class_list":["post-253414","post","type-post","status-publish","format-standard","has-post-thumbnail","","category-cinta-de-noticias","category-minuto-a-minuto","category-locales","category-ultimas-noticias","tag-administracion-local","tag-onu","tag-sria"],"_links":{"self":[{"href":"https:\/\/archive.sana.sy\/es\/index.php?rest_route=\/wp\/v2\/posts\/253414"}],"collection":[{"href":"https:\/\/archive.sana.sy\/es\/index.php?rest_route=\/wp\/v2\/posts"}],"about":[{"href":"https:\/\/archive.sana.sy\/es\/index.php?rest_route=\/wp\/v2\/types\/post"}],"author":[{"embeddable":true,"href":"https:\/\/archive.sana.sy\/es\/index.php?rest_route=\/wp\/v2\/users\/39"}],"replies":[{"embeddable":true,"href":"https:\/\/archive.sana.sy\/es\/index.php?rest_route=%2Fwp%2Fv2%2Fcomments&post=253414"}],"version-history":[{"count":0,"href":"https:\/\/archive.sana.sy\/es\/index.php?rest_route=\/wp\/v2\/posts\/253414\/revisions"}],"wp:featuredmedia":[{"embeddable":true,"href":"https:\/\/archive.sana.sy\/es\/index.php?rest_route=\/wp\/v2\/media\/253415"}],"wp:attachment":[{"href":"https:\/\/archive.sana.sy\/es\/index.php?rest_route=%2Fwp%2Fv2%2Fmedia&parent=253414"}],"wp:term":[{"taxonomy":"category","embeddable":true,"href":"https:\/\/archive.sana.sy\/es\/index.php?rest_route=%2Fwp%2Fv2%2Fcategories&post=253414"},{"taxonomy":"post_tag","embeddable":true,"href":"https:\/\/archive.sana.sy\/es\/index.php?rest_route=%2Fwp%2Fv2%2Ftags&post=253414"}],"curies":[{"name":"wp","href":"https:\/\/api.w.org\/{rel}","templated":true}]}}