{"id":253431,"date":"2022-09-19T20:24:22","date_gmt":"2022-09-19T17:24:22","guid":{"rendered":"http:\/\/107.6.182.27\/es\/?p=253431"},"modified":"2022-09-20T16:36:52","modified_gmt":"2022-09-20T13:36:52","slug":"fds-cierra-centros-educativos-que-imparten-el-enfoque-escolar-oficial-en-qamishli","status":"publish","type":"post","link":"https:\/\/archive.sana.sy\/es\/?p=253431","title":{"rendered":"FDS cierra centros educativos que imparten el enfoque escolar oficial en Qamishli"},"content":{"rendered":"<p style=\"text-align: justify\"><span style=\"color: #800000\"><strong>Hasakeh, 19 sep (SANA)<\/strong> <\/span>La llamada milicia Fuerzas Democr\u00e1ticas Sirias \u201cFDS\u201d, respaldada por la ocupaci\u00f3n estadounidense, cerr\u00f3 institutos y escuelas privadas en la ciudad de Qamishli.<\/p>\n<p style=\"text-align: justify\">De acuerdo con fuentes locales, la raz\u00f3n de esta acci\u00f3n se debe a la decisi\u00f3n de dichos centros educativos a impartir el enfoque escolar oficial.<\/p>\n<p style=\"text-align: justify\">\u201cLa mencionada milicia cerr\u00f3 m\u00e1s de 30 institutos y 7 escuelas privadas que adoptan el plan de estudios oficial del Estado sirio\u201d, agregaron las fuentes al corresponsal de SANA.<\/p>\n<p style=\"text-align: justify\">Cabe se\u00f1alar que los alumnos de la gobernaci\u00f3n de Hasakeh, en el nordeste de Siria, enfrentan por quinto a\u00f1o consecutivo obst\u00e1culos en el acceso a las colegios del Ministerio de Educaci\u00f3n sirio que se encuentran lejos de sus barrios, ya que la llamada milicia Fuerzas Democr\u00e1ticas Sirias \u201cFDS\u201d, respaldada por la ocupaci\u00f3n estadounidense, se apoder\u00f3 de la mayor\u00eda de los colegios e impuso planes de estudio diferentes al plan oficial adoptado por el Ministerio de Educaci\u00f3n de Siria.<\/p>\n<p>mm<\/p>\n","protected":false},"excerpt":{"rendered":"<p>Hasakeh, 19 sep (SANA) La llamada milicia Fuerzas Democr\u00e1ticas Sirias \u201cFDS\u201d, respaldada por la ocupaci\u00f3n estadounidense, cerr\u00f3 institutos y escuelas privadas en la ciudad de Qamishli. De acuerdo con fuentes locales, la raz\u00f3n de esta acci\u00f3n se debe a la decisi\u00f3n de dichos centros educativos a impartir el enfoque escolar oficial. \u201cLa mencionada milicia cerr\u00f3 &hellip;<\/p>\n","protected":false},"author":36,"featured_media":253432,"comment_status":"closed","ping_status":"closed","sticky":false,"template":"","format":"standard","meta":{"footnotes":""},"categories":[477,597,573,20724,476,457,7541],"tags":[19605],"class_list":["post-253431","post","type-post","status-publish","format-standard","has-post-thumbnail","","category-noticias-edulcorantes","category-cinta-de-noticias","category-la-realidad-de-los-acontecimientos-en-siria","category-minuto-a-minuto","category-locales","category-noticias-arabe-internacional-politica","category-ultimas-noticias","tag-fds"],"_links":{"self":[{"href":"https:\/\/archive.sana.sy\/es\/index.php?rest_route=\/wp\/v2\/posts\/253431"}],"collection":[{"href":"https:\/\/archive.sana.sy\/es\/index.php?rest_route=\/wp\/v2\/posts"}],"about":[{"href":"https:\/\/archive.sana.sy\/es\/index.php?rest_route=\/wp\/v2\/types\/post"}],"author":[{"embeddable":true,"href":"https:\/\/archive.sana.sy\/es\/index.php?rest_route=\/wp\/v2\/users\/36"}],"replies":[{"embeddable":true,"href":"https:\/\/archive.sana.sy\/es\/index.php?rest_route=%2Fwp%2Fv2%2Fcomments&post=253431"}],"version-history":[{"count":0,"href":"https:\/\/archive.sana.sy\/es\/index.php?rest_route=\/wp\/v2\/posts\/253431\/revisions"}],"wp:featuredmedia":[{"embeddable":true,"href":"https:\/\/archive.sana.sy\/es\/index.php?rest_route=\/wp\/v2\/media\/253432"}],"wp:attachment":[{"href":"https:\/\/archive.sana.sy\/es\/index.php?rest_route=%2Fwp%2Fv2%2Fmedia&parent=253431"}],"wp:term":[{"taxonomy":"category","embeddable":true,"href":"https:\/\/archive.sana.sy\/es\/index.php?rest_route=%2Fwp%2Fv2%2Fcategories&post=253431"},{"taxonomy":"post_tag","embeddable":true,"href":"https:\/\/archive.sana.sy\/es\/index.php?rest_route=%2Fwp%2Fv2%2Ftags&post=253431"}],"curies":[{"name":"wp","href":"https:\/\/api.w.org\/{rel}","templated":true}]}}