{"id":25345,"date":"2015-06-20T10:14:19","date_gmt":"2015-06-20T07:14:19","guid":{"rendered":"http:\/\/sana.sy\/es\/?p=25345"},"modified":"2015-06-20T17:16:36","modified_gmt":"2015-06-20T14:16:36","slug":"sentada-frente-al-parlamento-italiano-en-denuncia-a-los-actos-terroristas-en-siria","status":"publish","type":"post","link":"https:\/\/archive.sana.sy\/es\/?p=25345","title":{"rendered":"Sentada frente al Parlamento italiano en denuncia a los actos terroristas en Siria"},"content":{"rendered":"<p><span style=\"color: #800000\">Roma, SANA<\/span><\/p>\n<p>La comunidad siria en Italia y el Frente Europeo por la Defensa de Siria organizaron ayer una sentada frente de la sede del Parlamento italiano para denunciar los actos terroristas contra Siria y su patrimonio hist\u00f3rico y cultural.<\/p>\n<p>Los protagonistas de este acto entregaron una petici\u00f3n al Parlamento italiano, en la cual exigieron poner fin al injusto bloqueo econ\u00f3mico impuesto sobre el pueblo sirio, reanudar las relaciones diplom\u00e1ticos con Siria, respetar la legitimidad del Estado sirio y ayudarlo a erradicar el terrorismo, reconstruir el pa\u00eds y proteger su patrimonio hist\u00f3rico.<\/p>\n<p>&nbsp;<\/p>\n<p>Lynn A.<\/p>\n","protected":false},"excerpt":{"rendered":"<p>Roma, SANA La comunidad siria en Italia y el Frente Europeo por la Defensa de Siria organizaron ayer una sentada frente de la sede del Parlamento italiano para denunciar los actos terroristas contra Siria y su patrimonio hist\u00f3rico y cultural. Los protagonistas de este acto entregaron una petici\u00f3n al Parlamento italiano, en la cual exigieron &hellip;<\/p>\n","protected":false},"author":24,"featured_media":25346,"comment_status":"closed","ping_status":"closed","sticky":false,"template":"","format":"standard","meta":{"footnotes":""},"categories":[456,457],"tags":[5704],"class_list":["post-25345","post","type-post","status-publish","format-standard","has-post-thumbnail","","category-arabe-internacional-politica","category-noticias-arabe-internacional-politica","tag-sentada-frente-al-parlamento-italiano-en-denuncia-a-los-actos-terroristas-en-siria"],"_links":{"self":[{"href":"https:\/\/archive.sana.sy\/es\/index.php?rest_route=\/wp\/v2\/posts\/25345"}],"collection":[{"href":"https:\/\/archive.sana.sy\/es\/index.php?rest_route=\/wp\/v2\/posts"}],"about":[{"href":"https:\/\/archive.sana.sy\/es\/index.php?rest_route=\/wp\/v2\/types\/post"}],"author":[{"embeddable":true,"href":"https:\/\/archive.sana.sy\/es\/index.php?rest_route=\/wp\/v2\/users\/24"}],"replies":[{"embeddable":true,"href":"https:\/\/archive.sana.sy\/es\/index.php?rest_route=%2Fwp%2Fv2%2Fcomments&post=25345"}],"version-history":[{"count":0,"href":"https:\/\/archive.sana.sy\/es\/index.php?rest_route=\/wp\/v2\/posts\/25345\/revisions"}],"wp:featuredmedia":[{"embeddable":true,"href":"https:\/\/archive.sana.sy\/es\/index.php?rest_route=\/wp\/v2\/media\/25346"}],"wp:attachment":[{"href":"https:\/\/archive.sana.sy\/es\/index.php?rest_route=%2Fwp%2Fv2%2Fmedia&parent=25345"}],"wp:term":[{"taxonomy":"category","embeddable":true,"href":"https:\/\/archive.sana.sy\/es\/index.php?rest_route=%2Fwp%2Fv2%2Fcategories&post=25345"},{"taxonomy":"post_tag","embeddable":true,"href":"https:\/\/archive.sana.sy\/es\/index.php?rest_route=%2Fwp%2Fv2%2Ftags&post=25345"}],"curies":[{"name":"wp","href":"https:\/\/api.w.org\/{rel}","templated":true}]}}