{"id":253483,"date":"2022-09-20T10:46:09","date_gmt":"2022-09-20T07:46:09","guid":{"rendered":"http:\/\/107.6.182.27\/es\/?p=253483"},"modified":"2023-01-10T15:52:56","modified_gmt":"2023-01-10T13:52:56","slug":"amlo-occidente-coloca-como-agente-del-kremlin-a-todo-actor-que-llame-al-dialogo-entre-kiev-y-moscu","status":"publish","type":"post","link":"https:\/\/archive.sana.sy\/es\/?p=253483","title":{"rendered":"\u00a0AMLO: &#8220;Occidente coloca como agente del Kremlin a todo actor que llame al di\u00e1logo entre Kiev y Mosc\u00fa&#8221;"},"content":{"rendered":"<p style=\"text-align: justify;\"><span style=\"color: #800000;\"><strong>Damasco, 20 sep (SANA)\u00a0<\/strong><\/span> \u00a0El presidente mexicano Andr\u00e9s Manuel L\u00f3pez Obrador (AMLO) propuso una ruta de paz para el conflicto de Rusia y Ucrania, que ya fue descalificada por la oficina de su par ucraniano, Volod\u00edmir Zelenski, inform\u00f3 hoy la agencia Sputnik.<\/p>\n<p style=\"text-align: justify;\">En el marco del desfile militar del 16 de septiembre y acompa\u00f1ado en el templete por el expresidente boliviano Evo Morales, el expresidente uruguayo Jos\u00e9 Mujica y el padre del fundador de Wikileaks, Julian Assange, L\u00f3pez Obrador acus\u00f3 a la Organizaci\u00f3n de las Naciones Unidas (ONU) de inactividad y formalismo incapaces de aliviar la confrontaci\u00f3n entre Kiev y Mosc\u00fa.<\/p>\n<p style=\"text-align: justify;\">As\u00ed, propuso un comit\u00e9 para el di\u00e1logo y la paz conducido por el titular de la ONU, Ant\u00f3nio Guterres, el l\u00edder de la iglesia cat\u00f3lica, el papa Francisco, y el primer ministro de la India, Narendra Modi, que siente a la mesa a los mandatarios de Rusia y Ucrania, Vlad\u00edmir Putin y Volod\u00edmir Zelenski respectivamente, para pactar multilateralmente una tregua de al menos cinco a\u00f1os que evite pruebas nucleares y provocaciones militares.<\/p>\n<p style=\"text-align: justify;\">La iniciativa que fue desestimada por un asesor de la oficina de la presidencia ucraniana, Mijailo Podoliak, que incluso la categoriz\u00f3 de prorrusa en un mensaje replicado por la embajada de Ucrania en M\u00e9xico.<\/p>\n<p style=\"text-align: justify;\">Sputnik convers\u00f3 con el historiador mexicano Christian Nader para profundizar en las resonancias de esta confrontaci\u00f3n entre el presidente L\u00f3pez Obrador y el asesor de la oficina de Zelenski.<\/p>\n<p style=\"text-align: justify;\">\u00bfQui\u00e9n es Podoliak, el asesor de Zelenski que respondi\u00f3 a AMLO?<\/p>\n<p style=\"text-align: justify;\">Mijailo Podoliak trabajaba en Bielorrusia en la d\u00e9cada del 2000 como periodista en peri\u00f3dicos que amplificaban la voz de la Organizaci\u00f3n del Tratado del Atl\u00e1ntico Norte (OTAN) en el pa\u00eds, acusa Nader.<\/p>\n<p style=\"text-align: justify;\">Fue expulsado de Bielorrusia bajo acusaci\u00f3n de comprometer la seguridad nacional por operar en su territorio como vocero de Estados Unidos y la Uni\u00f3n Europea, abunda.<\/p>\n<p style=\"text-align: justify;\">La ret\u00f3rica de este asesor de Zelenski, adem\u00e1s, se inscribe en un estilo que ha utilizado la diplomacia ucraniana en M\u00e9xico para presionar a L\u00f3pez Obrador a tomar un partido expl\u00edcito en favor de Kiev contra Mosc\u00fa, un objetivo que no han alcanzado hasta ahora, expone Nader.<\/p>\n<p style=\"text-align: justify;\">&#8220;Lo que es sorprendente es la ret\u00f3rica y el envalentonamiento que utiliza esta persona para presionar un gobierno extranjero, como es el mexicano, e incluso que la embajada ucraniana replique eso&#8221;, se\u00f1ala.<\/p>\n<p style=\"text-align: justify;\">La responsabilidad de las grandes potencias en el conflicto<\/p>\n<p style=\"text-align: justify;\">El presidente mexicano cuestion\u00f3 si los pol\u00edticos de las principales potencias del mundo no fallaron en promover el di\u00e1logo entre Kiev y Mosc\u00fa para resolver la controversia, una posici\u00f3n que Nader considera diplom\u00e1tica pero imprecisa, pues acusa que fueron precisamente las potencias occidentales quienes incentivaron la irresoluci\u00f3n de las tensiones, no su alivio.<\/p>\n<p style=\"text-align: justify;\">&#8220;Esta guerra, como muchas otras, est\u00e1 siendo azuzada por los intereses de la industria b\u00e9lica&#8221;, apunt\u00f3 L\u00f3pez Obrador.<\/p>\n<p style=\"text-align: justify;\">&#8220;Concretamente las potencias occidentales buscaban resquebrajar cualquier intento por llegar a una soluci\u00f3n pac\u00edfica&#8221;, acusa, en tanto, Nader, recordando que el conflicto en el este de Ucrania no comenz\u00f3 en febrero de 2022 sino ocho a\u00f1os antes, en 2014, cuando se logr\u00f3 alcanzar los Acuerdos de Minsk.<\/p>\n<p style=\"text-align: justify;\">Entonces, durante el gobierno golpista de Petr\u00f3 Poroshenko, subraya el analista internacional, Kiev dialog\u00f3 no s\u00f3lo con Mosc\u00fa sino con los territorios de Donetsk y Lugansk para dotarlos de mayor autonom\u00eda y evitar la masacre de sus poblaciones en manos de grupos antirrusos ucranianos operativos en la regi\u00f3n del Donb\u00e1s.<br \/>\nEstas v\u00edas diplom\u00e1ticas fueron pisoteadas no s\u00f3lo por Ucrania sino tambi\u00e9n por la OTAN, por lo que la agudizaci\u00f3n del conflicto de febrero de 2022, considera Nader, no fue el inicio de una confrontaci\u00f3n, sino una respuesta del Kremlin ante las hostilidades de Occidente.<\/p>\n<p style=\"text-align: justify;\">&#8220;Y las potencias justamente buscan eso&#8221;, eval\u00faa el internacionalista<\/p>\n<p style=\"text-align: justify;\">El problema de la industria de las armas<\/p>\n<p style=\"text-align: justify;\">L\u00f3pez Obrador se\u00f1al\u00f3 que uno de los intereses en juego en el conflicto entre Mosc\u00fa y Kiev es el de la industria armament\u00edstica, a la que Nader acusa que le interesa que se mantenga el flujo de armas no s\u00f3lo a territorio ucraniano, sino tambi\u00e9n al mercado negro, que a su vez las filtrar\u00e1 a m\u00faltiples conflictos internacionales.<br \/>\n&#8220;Lo que L\u00f3pez Obrador hace es ir en parte a las causas que llevaron a este momento que estamos viviendo ahorita, esto no comenz\u00f3 hace seis meses, es un proceso ya de mediana duraci\u00f3n&#8221; donde la propaganda occidental quiere ubicar a la Federaci\u00f3n Rusa como la \u00fanica provocadora de las tensiones, declara el internacionalista.<\/p>\n<p style=\"text-align: justify;\">La industria armamentista interesada por motivos de negocios en la prolongaci\u00f3n del conflicto en Ucrania no es \u00fanicamente estadounidense, se\u00f1ala Nader, sino tambi\u00e9n alemana, francesa e incluso sueca.<\/p>\n<p style=\"text-align: justify;\">Suecia no busca adherirse a la OTAN simplemente para fortalecer su posici\u00f3n de defensa ante Rusia, valora el analista, sino porque ello fortalece su industria armamentista, medi\u00e1ticamente al margen pero rica en la producci\u00f3n de aeron\u00e1utica.<\/p>\n<p style=\"text-align: justify;\">&#8220;Constantemente mandan tandas de armamento de diverso calibre&#8221; a Ucrania, apunta, en un escenario donde el ej\u00e9rcito del pa\u00eds europeo pr\u00e1cticamente no existe, sino que ha sido sustituido por mercenarios de la Alianza Atlantista.<\/p>\n<p style=\"text-align: justify;\">En este escenario, Podoliak ha ejercido no s\u00f3lo como asesor de la oficina de la presidencia ucraniana, sino tambi\u00e9n como cabildero de la gran industria armamentista occidental, acusa.<\/p>\n<p style=\"text-align: justify;\">&#8220;Es un juego que mueve trillones de d\u00f3lares no nada m\u00e1s en torno a las armas sino tambi\u00e9n otros sectores, como el agroindustrial, adem\u00e1s, por ejemplo del lobby farmac\u00e9utico&#8221;, describe Nader.<\/p>\n<p style=\"text-align: justify;\"><strong>Tomado de Sputnik<\/strong><\/p>\n","protected":false},"excerpt":{"rendered":"<p>Damasco, 20 sep (SANA)\u00a0 \u00a0El presidente mexicano Andr\u00e9s Manuel L\u00f3pez Obrador (AMLO) propuso una ruta de paz para el conflicto de Rusia y Ucrania, que ya fue descalificada por la oficina de su par ucraniano, Volod\u00edmir Zelenski, inform\u00f3 hoy la agencia Sputnik. En el marco del desfile militar del 16 de septiembre y acompa\u00f1ado en &hellip;<\/p>\n","protected":false},"author":32,"featured_media":253487,"comment_status":"closed","ping_status":"closed","sticky":false,"template":"","format":"standard","meta":{"footnotes":""},"categories":[16929,597,456,20724,7541],"tags":[11632,19865],"class_list":["post-253483","post","type-post","status-publish","format-standard","has-post-thumbnail","","category-articulos-de-opinion","category-cinta-de-noticias","category-arabe-internacional-politica","category-minuto-a-minuto","category-ultimas-noticias","tag-kremlin","tag-occidente"],"_links":{"self":[{"href":"https:\/\/archive.sana.sy\/es\/index.php?rest_route=\/wp\/v2\/posts\/253483"}],"collection":[{"href":"https:\/\/archive.sana.sy\/es\/index.php?rest_route=\/wp\/v2\/posts"}],"about":[{"href":"https:\/\/archive.sana.sy\/es\/index.php?rest_route=\/wp\/v2\/types\/post"}],"author":[{"embeddable":true,"href":"https:\/\/archive.sana.sy\/es\/index.php?rest_route=\/wp\/v2\/users\/32"}],"replies":[{"embeddable":true,"href":"https:\/\/archive.sana.sy\/es\/index.php?rest_route=%2Fwp%2Fv2%2Fcomments&post=253483"}],"version-history":[{"count":0,"href":"https:\/\/archive.sana.sy\/es\/index.php?rest_route=\/wp\/v2\/posts\/253483\/revisions"}],"wp:featuredmedia":[{"embeddable":true,"href":"https:\/\/archive.sana.sy\/es\/index.php?rest_route=\/wp\/v2\/media\/253487"}],"wp:attachment":[{"href":"https:\/\/archive.sana.sy\/es\/index.php?rest_route=%2Fwp%2Fv2%2Fmedia&parent=253483"}],"wp:term":[{"taxonomy":"category","embeddable":true,"href":"https:\/\/archive.sana.sy\/es\/index.php?rest_route=%2Fwp%2Fv2%2Fcategories&post=253483"},{"taxonomy":"post_tag","embeddable":true,"href":"https:\/\/archive.sana.sy\/es\/index.php?rest_route=%2Fwp%2Fv2%2Ftags&post=253483"}],"curies":[{"name":"wp","href":"https:\/\/api.w.org\/{rel}","templated":true}]}}