{"id":253484,"date":"2022-09-20T12:11:57","date_gmt":"2022-09-20T09:11:57","guid":{"rendered":"http:\/\/107.6.182.27\/es\/?p=253484"},"modified":"2023-01-10T15:52:56","modified_gmt":"2023-01-10T13:52:56","slug":"raisi-las-sanciones-el-terrorismo-y-la-guerra-se-derivan-del-unilateralismo","status":"publish","type":"post","link":"https:\/\/archive.sana.sy\/es\/?p=253484","title":{"rendered":"Raisi: Las sanciones, el terrorismo y la guerra se derivan del unilateralismo"},"content":{"rendered":"<p style=\"text-align: justify;\"><span style=\"color: #800000;\"><strong>Nueva york, 20 sep (SANA)\u00a0 \u00a0<\/strong><\/span>El presidente iran\u00ed, Ebrahim Raisi, declar\u00f3 a su llegada a Nueva York, que el embargo, el terrorismo, la guerra y el derramamiento de sangre son el resultado del unilateralismo de algunos pa\u00edses del mundo.<\/p>\n<p style=\"text-align: justify;\">El mandatario subray\u00f3 que la ONU no debe ser solo la organizaci\u00f3n de los gobiernos poderosos, y enfatiz\u00f3 que los problemas del mundo deben ser resueltos con la sabidur\u00eda colectiva y consulta p\u00fablica, dijo Raisi a su llegada a Nueva York para participar en la 77\u00aa reuni\u00f3n de la Asamblea General de las Naciones Unidas.<\/p>\n<p style=\"text-align: justify;\">Raisi dijo que las sanciones son un &#8220;arma en manos de las grandes potencias, que las utilizan para ejercer presi\u00f3n sobre otras naciones&#8221;.<\/p>\n","protected":false},"excerpt":{"rendered":"<p>Nueva york, 20 sep (SANA)\u00a0 \u00a0El presidente iran\u00ed, Ebrahim Raisi, declar\u00f3 a su llegada a Nueva York, que el embargo, el terrorismo, la guerra y el derramamiento de sangre son el resultado del unilateralismo de algunos pa\u00edses del mundo. El mandatario subray\u00f3 que la ONU no debe ser solo la organizaci\u00f3n de los gobiernos poderosos, &hellip;<\/p>\n","protected":false},"author":32,"featured_media":253492,"comment_status":"closed","ping_status":"closed","sticky":false,"template":"","format":"standard","meta":{"footnotes":""},"categories":[597,456,20724,7541],"tags":[4571,20956,8813,20350],"class_list":["post-253484","post","type-post","status-publish","format-standard","has-post-thumbnail","","category-cinta-de-noticias","category-arabe-internacional-politica","category-minuto-a-minuto","category-ultimas-noticias","tag-el-terrorismo","tag-la-guerra","tag-nueva-york","tag-sanciones"],"_links":{"self":[{"href":"https:\/\/archive.sana.sy\/es\/index.php?rest_route=\/wp\/v2\/posts\/253484"}],"collection":[{"href":"https:\/\/archive.sana.sy\/es\/index.php?rest_route=\/wp\/v2\/posts"}],"about":[{"href":"https:\/\/archive.sana.sy\/es\/index.php?rest_route=\/wp\/v2\/types\/post"}],"author":[{"embeddable":true,"href":"https:\/\/archive.sana.sy\/es\/index.php?rest_route=\/wp\/v2\/users\/32"}],"replies":[{"embeddable":true,"href":"https:\/\/archive.sana.sy\/es\/index.php?rest_route=%2Fwp%2Fv2%2Fcomments&post=253484"}],"version-history":[{"count":0,"href":"https:\/\/archive.sana.sy\/es\/index.php?rest_route=\/wp\/v2\/posts\/253484\/revisions"}],"wp:featuredmedia":[{"embeddable":true,"href":"https:\/\/archive.sana.sy\/es\/index.php?rest_route=\/wp\/v2\/media\/253492"}],"wp:attachment":[{"href":"https:\/\/archive.sana.sy\/es\/index.php?rest_route=%2Fwp%2Fv2%2Fmedia&parent=253484"}],"wp:term":[{"taxonomy":"category","embeddable":true,"href":"https:\/\/archive.sana.sy\/es\/index.php?rest_route=%2Fwp%2Fv2%2Fcategories&post=253484"},{"taxonomy":"post_tag","embeddable":true,"href":"https:\/\/archive.sana.sy\/es\/index.php?rest_route=%2Fwp%2Fv2%2Ftags&post=253484"}],"curies":[{"name":"wp","href":"https:\/\/api.w.org\/{rel}","templated":true}]}}