{"id":253510,"date":"2022-09-20T15:15:06","date_gmt":"2022-09-20T12:15:06","guid":{"rendered":"http:\/\/107.6.182.27\/es\/?p=253510"},"modified":"2023-01-10T15:52:55","modified_gmt":"2023-01-10T13:52:55","slug":"putin-el-desarrollo-del-mundo-hacia-la-multipolaridad-tropieza-con-aquellos-que-tratan-de-mantener-su-papel-hegemonico","status":"publish","type":"post","link":"https:\/\/archive.sana.sy\/es\/?p=253510","title":{"rendered":"Putin: El desarrollo del mundo hacia la multipolaridad tropieza con aquellos que tratan de mantener su papel hegem\u00f3nico"},"content":{"rendered":"<blockquote>\n<p style=\"text-align: justify;\"><strong>&#8220;Entra en fase activa la formaci\u00f3n de un sistema de orden mundial multipolar, m\u00e1s democr\u00e1tico y justo&#8221;<\/strong><\/p>\n<\/blockquote>\n<p style=\"text-align: justify;\"><b>\u00a0<\/b><\/p>\n<p style=\"text-align: justify;\"><span style=\"color: #800000;\"><strong>Mosc\u00fa, 20 sep (SANA)\u00a0<\/strong><\/span> El presidente de Rusia, Vlad\u00edmir Putin, declar\u00f3 hoy que en la actualidad se est\u00e1 produci\u00e9ndose una transformaci\u00f3n del orden mundial, y el mundo se est\u00e1 dirigiendo hacia un sistema multipolar.<\/p>\n<p style=\"text-align: justify;\">Durante la ceremonia de recibir las cartas credenciales de nuevos embajadores de 24 pa\u00edses en Rusia, el mandatario reiter\u00f3 que el desarrollo del mundo hacia la multipolaridad tropieza, por desgracia, con la resistencia de aquellos que tratan de mantener su papel hegem\u00f3nico en asuntos mundiales.<\/p>\n<p style=\"text-align: justify;\">Ellos quieren controlar todo: Am\u00e9rica Latina, Europa, Asia y \u00c1frica, y para consolidar su posici\u00f3n, imponen sanciones ilegitimas, realizan presi\u00f3n por todos los vectores, entre ellos, por supuesto, sobre Rusia, manifest\u00f3 el Gobernante.<\/p>\n<p style=\"text-align: justify;\">Agreg\u00f3 que pa\u00edses totalmente inocentes, sobre todo los que est\u00e1n en v\u00edas de desarrollo y los m\u00e1s pobres, sufren por esta pol\u00edtica.<\/p>\n<p>fm\/ed<\/p>\n","protected":false},"excerpt":{"rendered":"<p>&#8220;Entra en fase activa la formaci\u00f3n de un sistema de orden mundial multipolar, m\u00e1s democr\u00e1tico y justo&#8221; \u00a0 Mosc\u00fa, 20 sep (SANA)\u00a0 El presidente de Rusia, Vlad\u00edmir Putin, declar\u00f3 hoy que en la actualidad se est\u00e1 produci\u00e9ndose una transformaci\u00f3n del orden mundial, y el mundo se est\u00e1 dirigiendo hacia un sistema multipolar. Durante la ceremonia &hellip;<\/p>\n","protected":false},"author":32,"featured_media":253514,"comment_status":"closed","ping_status":"closed","sticky":false,"template":"","format":"standard","meta":{"footnotes":""},"categories":[597,456,20724,583],"tags":[7016,8596],"class_list":["post-253510","post","type-post","status-publish","format-standard","has-post-thumbnail","","category-cinta-de-noticias","category-arabe-internacional-politica","category-minuto-a-minuto","category-slide","tag-moscu","tag-putin"],"_links":{"self":[{"href":"https:\/\/archive.sana.sy\/es\/index.php?rest_route=\/wp\/v2\/posts\/253510"}],"collection":[{"href":"https:\/\/archive.sana.sy\/es\/index.php?rest_route=\/wp\/v2\/posts"}],"about":[{"href":"https:\/\/archive.sana.sy\/es\/index.php?rest_route=\/wp\/v2\/types\/post"}],"author":[{"embeddable":true,"href":"https:\/\/archive.sana.sy\/es\/index.php?rest_route=\/wp\/v2\/users\/32"}],"replies":[{"embeddable":true,"href":"https:\/\/archive.sana.sy\/es\/index.php?rest_route=%2Fwp%2Fv2%2Fcomments&post=253510"}],"version-history":[{"count":0,"href":"https:\/\/archive.sana.sy\/es\/index.php?rest_route=\/wp\/v2\/posts\/253510\/revisions"}],"wp:featuredmedia":[{"embeddable":true,"href":"https:\/\/archive.sana.sy\/es\/index.php?rest_route=\/wp\/v2\/media\/253514"}],"wp:attachment":[{"href":"https:\/\/archive.sana.sy\/es\/index.php?rest_route=%2Fwp%2Fv2%2Fmedia&parent=253510"}],"wp:term":[{"taxonomy":"category","embeddable":true,"href":"https:\/\/archive.sana.sy\/es\/index.php?rest_route=%2Fwp%2Fv2%2Fcategories&post=253510"},{"taxonomy":"post_tag","embeddable":true,"href":"https:\/\/archive.sana.sy\/es\/index.php?rest_route=%2Fwp%2Fv2%2Ftags&post=253510"}],"curies":[{"name":"wp","href":"https:\/\/api.w.org\/{rel}","templated":true}]}}