{"id":25356,"date":"2015-06-21T12:02:10","date_gmt":"2015-06-21T09:02:10","guid":{"rendered":"http:\/\/sana.sy\/es\/?p=25356"},"modified":"2023-01-10T15:35:15","modified_gmt":"2023-01-10T13:35:15","slug":"principalestitulares-de-los-diarios-sirios-publicados-este-domingo","status":"publish","type":"post","link":"https:\/\/archive.sana.sy\/es\/?p=25356","title":{"rendered":"Principalestitulares de los diarios sirios publicados este domingo"},"content":{"rendered":"<div><b><span style=\"color: #000000\">Damasco, SANA<\/span><br \/>\n<\/b><\/div>\n<div><\/div>\n<div><span lang=\"ES-TRAD\">= <\/span><a name=\"14e14762718f25f1__GoBack\"><\/a><span lang=\"ES-TRAD\">Unidad del Ej\u00e9rcito retoma el control de la colina y del poblado de Sekaka en el campo oeste de Sweida.<\/span><\/div>\n<div><span lang=\"ES-TRAD\">\u00a0<\/span><\/div>\n<div><span lang=\"ES-TRAD\">= Ej\u00e9rcito contin\u00faa sus operativos antiterroristas en el campo de Quneitra donde repeli\u00f3 ataques de las organizaciones terroristas,<\/span><\/div>\n<div><span lang=\"ES-TRAD\">= Tres civiles mueren y otros 18 resultaron heridos en el impacto de un cohete lanzado por terroristas contra el ayuntamiento de Alepo.<\/span><\/div>\n<div><span lang=\"ES-TRAD\">= Los cazas sirios aniquilan a terroristas y destruyen un convoy de veh\u00edculos en Kafarruma en el campo de Idleb.<\/span><\/div>\n<div><span lang=\"ES-TRAD\">= Una unidad castrense bombardea a posiciones de terroristas en la periferia de Ataman al norte de Deraa.<\/span><\/div>\n<div><span lang=\"ES-TRAD\">= FFAA arrasan con terroristas en operativos antiterroristas llevados a cabo en el campo sudoeste de Damasco.<\/span><\/div>\n<div><span lang=\"ES-TRAD\">= Incursiones a\u00e9reas del ej\u00e9rcito iraqu\u00ed dejan a decenas de terroristas del EI entre muertos o heridos.<\/span><\/div>\n<div><span lang=\"ES-TRAD\">= Patriarca Yazigi exige a la comunidad internacional que trabaje para encontrar un arreglo pol\u00edtico a la crisis siria.<\/span><\/div>\n<div><span lang=\"ES-TRAD\">= Se\u00f1al de transmisi\u00f3n del canal satelital sirio ha sido interferida de forma deliberada.<\/span><\/div>\n<div><span lang=\"ES-TRAD\">= Los residentes de los poblados de KhanArnabeh y Yaba expresan su apego a su tierra y su apoyo al ej\u00e9rcito en su lucha contra las organizaciones terroristas.<\/span><\/div>\n<div><span lang=\"ES-TRAD\">= Wikileaks publica documentos del Ministerio de\u00a0Exteriores de Arabia Saudita los cuales revela la compra de medios de comunicaci\u00f3n con miles de millones de d\u00f3lares.<\/span><\/div>\n<div><span lang=\"ES-TRAD\">= Teher\u00e1n y Mosc\u00fa hacen hincapi\u00e9 en la necesidad de materializar una acci\u00f3n internacional eficaz para combatir el terrorismo.<\/span><\/div>\n<div><span lang=\"ES-TRAD\">= Mueren dos yemen\u00edes en la explosi\u00f3n de un coche bomba en San\u00e1.<\/span><\/div>\n<div><span lang=\"ES-TRAD\">= Bombardeos sauditas contra la zona de Sada en Yemen matan a cuatro yemen\u00edes.<\/span><\/div>\n<div><span lang=\"ES-TRAD\">= Un ataque contra una estaci\u00f3n de polic\u00eda cerca de Mogadiscio mata a ocho oficiales Somal\u00edes.<\/span><\/div>\n<div><span lang=\"ES-TRAD\">= Muere un terrorista saud\u00ed en la ciudad libia de\u00a0 Derna, y 12 soldados libios resultan heridos en Bengasi.<\/span><\/div>\n<div><span lang=\"ES-TRAD\">= Funcionario iran\u00ed dice que la entidad sionista no le cae bien un posible alcance de un acuerdo nuclear entre Ir\u00e1n y el Sexteto Internacional.<\/span><\/div>\n<div><span lang=\"ES-TRAD\">= Ej\u00e9rcito egipcio incauta cantidades de sustancias de alta potencia explosiva en el Sina\u00ed.<\/span><\/div>\n<div><span lang=\"ES-TRAD\">= Terroristas detonan una bomba en la provincia Fayoumen el centro de Egipto.<\/span><\/div>\n<div><span lang=\"ES-TRAD\">= Ministra siria de Asuntos Sociales destaca rol de las sociedades civiles en aliviar el sufrimiento de las familias desplazadas.<\/span><\/div>\n<div><span lang=\"ES-TRAD\">= El n\u00famero de actos terroristas en el mundo creci\u00f3 un 35% en 2014.<\/span><\/div>\n<div><span lang=\"ES-TRAD\">= Rusia se arma con sistemas antimisiles tipo President-S.<\/span><\/div>\n<div><span lang=\"ES-TRAD\">= ONU afirma que los desplazados aumentaron hasta casi 60 millones en 2014.<\/span><\/div>\n<div><span lang=\"ES-TRAD\">= WikiLeaks publicar\u00e1 500.000 documentos diplom\u00e1ticos de Arabia Saudita.<\/span><\/div>\n<div><span lang=\"ES-TRAD\">= Un tiroteo en una cervecer\u00eda en M\u00e9xico deja al menos 10 muertos.<\/span><\/div>\n<div><span lang=\"ES-TRAD\">= Fuerzas yemen\u00edes atacan con misiles a un centro militar en Arabia Saud\u00ed.<\/span><\/div>\n<div><span lang=\"ES-TRAD\">\u00a0<\/span><\/div>\n<div><span lang=\"ES-TRAD\">= ONU dice que en Colombia y M\u00e9xico hay m\u00e1s armas de fuego que en Irak.<\/span><\/div>\n<div><span lang=\"ES-TRAD\">\u00a0<\/span><\/div>\n<div><span lang=\"ES-TRAD\">= El autor de la matanza de Charleston public\u00f3 un manifiesto racista.<\/span><\/div>\n<div><span lang=\"ES-TRAD\">\u00a0<\/span><\/div>\n<div><span lang=\"ES-TRAD\">= Jaafari dice que 80 mil terroristas extranjeros entraron a Siria desde Turqu\u00eda y Jordania.<\/span><\/div>\n<div><span lang=\"ES-TRAD\">\u00a0<\/span><\/div>\n<div><span lang=\"ES-TRAD\">= Estado Isl\u00e1mico secuestra a 70 miembros de una tribu en Irak.<\/span><\/div>\n<div><span lang=\"ES-TRAD\">\u00a0<\/span><\/div>\n<div><span lang=\"ES-TRAD\">= EEUU asegura que Turqu\u00eda es la principal ruta de transito de terroristas hacia Siria.<\/span><\/div>\n<div><span lang=\"ES-TRAD\">\u00a0<\/span><\/div>\n<div><span lang=\"ES-TRAD\">= Ansarol\u00e1 lanza un misil Scud contra base militar saud\u00ed.<\/span><\/div>\n<div><span lang=\"ES-TRAD\">\u00a0<\/span><\/div>\n<div><span lang=\"ES-TRAD\">= Autoridades alemanas arrestan\u00a0 a uno de los presentadores del canal qatar\u00ed al-Jazeera.<\/span><\/div>\n<div class=\"yj6qo ajU\">\n<div id=\":lr\" class=\"ajR\"><img decoding=\"async\" class=\"ajT\" src=\"https:\/\/ssl.gstatic.com\/ui\/v1\/icons\/mail\/images\/cleardot.gif\" alt=\"\" \/><\/div>\n<\/div>\n","protected":false},"excerpt":{"rendered":"<p>Damasco, SANA = Unidad del Ej\u00e9rcito retoma el control de la colina y del poblado de Sekaka en el campo oeste de Sweida. \u00a0 = Ej\u00e9rcito contin\u00faa sus operativos antiterroristas en el campo de Quneitra donde repeli\u00f3 ataques de las organizaciones terroristas, = Tres civiles mueren y otros 18 resultaron heridos en el impacto de &hellip;<\/p>\n","protected":false},"author":1,"featured_media":3190,"comment_status":"closed","ping_status":"closed","sticky":false,"template":"","format":"standard","meta":{"footnotes":""},"categories":[447,555],"tags":[5705],"class_list":["post-25356","post","type-post","status-publish","format-standard","has-post-thumbnail","","category-local-politica","category-prensa","tag-principalestitulares-de-los-diarios-sirios-publicados-este-domingo"],"_links":{"self":[{"href":"https:\/\/archive.sana.sy\/es\/index.php?rest_route=\/wp\/v2\/posts\/25356"}],"collection":[{"href":"https:\/\/archive.sana.sy\/es\/index.php?rest_route=\/wp\/v2\/posts"}],"about":[{"href":"https:\/\/archive.sana.sy\/es\/index.php?rest_route=\/wp\/v2\/types\/post"}],"author":[{"embeddable":true,"href":"https:\/\/archive.sana.sy\/es\/index.php?rest_route=\/wp\/v2\/users\/1"}],"replies":[{"embeddable":true,"href":"https:\/\/archive.sana.sy\/es\/index.php?rest_route=%2Fwp%2Fv2%2Fcomments&post=25356"}],"version-history":[{"count":0,"href":"https:\/\/archive.sana.sy\/es\/index.php?rest_route=\/wp\/v2\/posts\/25356\/revisions"}],"wp:featuredmedia":[{"embeddable":true,"href":"https:\/\/archive.sana.sy\/es\/index.php?rest_route=\/wp\/v2\/media\/3190"}],"wp:attachment":[{"href":"https:\/\/archive.sana.sy\/es\/index.php?rest_route=%2Fwp%2Fv2%2Fmedia&parent=25356"}],"wp:term":[{"taxonomy":"category","embeddable":true,"href":"https:\/\/archive.sana.sy\/es\/index.php?rest_route=%2Fwp%2Fv2%2Fcategories&post=25356"},{"taxonomy":"post_tag","embeddable":true,"href":"https:\/\/archive.sana.sy\/es\/index.php?rest_route=%2Fwp%2Fv2%2Ftags&post=25356"}],"curies":[{"name":"wp","href":"https:\/\/api.w.org\/{rel}","templated":true}]}}