{"id":253593,"date":"2022-09-20T21:14:36","date_gmt":"2022-09-20T18:14:36","guid":{"rendered":"http:\/\/107.6.182.27\/es\/?p=253593"},"modified":"2023-01-10T15:52:54","modified_gmt":"2023-01-10T13:52:54","slug":"la-duma-rusa-apoyara-a-la-poblacion-de-donbas-en-caso-de-que-decida-unirse-a-rusia","status":"publish","type":"post","link":"https:\/\/archive.sana.sy\/es\/?p=253593","title":{"rendered":"La Duma rusa apoyar\u00e1 a la poblaci\u00f3n de Donb\u00e1s en caso de que decida unirse a Rusia"},"content":{"rendered":"<p style=\"text-align: justify;\"><span style=\"color: #800000;\"><strong>Mosc\u00fa, 20 sep (SANA)\u00a0 \u00a0<\/strong><\/span>El presidente de la Duma rusa, Viacheslav Volodin, anunci\u00f3 el apoyo de su pa\u00eds a la poblaci\u00f3n del Donb\u00e1s en caso de que el resultado de sus referendos sea la decisi\u00f3n de unirse al pa\u00eds euroasi\u00e1tico.<\/p>\n<p style=\"text-align: justify;\">&#8220;Deben entender que hoy esperamos que expresen su voluntad libremente&#8221;, a\u00f1adi\u00f3 Volodin, citado por Sputnik.<\/p>\n<p style=\"text-align: justify;\">En la regi\u00f3n de Jers\u00f3n ya se tom\u00f3 la decisi\u00f3n de celebrar un refer\u00e9ndum. En la regi\u00f3n de Zaporiyia tambi\u00e9n se solicit\u00f3 la adhesi\u00f3n a Rusia.<\/p>\n<p style=\"text-align: justify;\">Anteriormente, las c\u00e1maras p\u00fablicas de las rep\u00fablicas del Donb\u00e1s pidieron una votaci\u00f3n inmediata sobre la adhesi\u00f3n de estas regiones a Rusia.<\/p>\n<p style=\"text-align: justify;\">fm\/sm<\/p>\n","protected":false},"excerpt":{"rendered":"<p>Mosc\u00fa, 20 sep (SANA)\u00a0 \u00a0El presidente de la Duma rusa, Viacheslav Volodin, anunci\u00f3 el apoyo de su pa\u00eds a la poblaci\u00f3n del Donb\u00e1s en caso de que el resultado de sus referendos sea la decisi\u00f3n de unirse al pa\u00eds euroasi\u00e1tico. &#8220;Deben entender que hoy esperamos que expresen su voluntad libremente&#8221;, a\u00f1adi\u00f3 Volodin, citado por Sputnik. &hellip;<\/p>\n","protected":false},"author":39,"featured_media":253594,"comment_status":"closed","ping_status":"closed","sticky":false,"template":"","format":"standard","meta":{"footnotes":""},"categories":[597,456,20724,7541],"tags":[20691,20961,20962],"class_list":["post-253593","post","type-post","status-publish","format-standard","has-post-thumbnail","","category-cinta-de-noticias","category-arabe-internacional-politica","category-minuto-a-minuto","category-ultimas-noticias","tag-donbas","tag-duma-rusa","tag-referendo"],"_links":{"self":[{"href":"https:\/\/archive.sana.sy\/es\/index.php?rest_route=\/wp\/v2\/posts\/253593"}],"collection":[{"href":"https:\/\/archive.sana.sy\/es\/index.php?rest_route=\/wp\/v2\/posts"}],"about":[{"href":"https:\/\/archive.sana.sy\/es\/index.php?rest_route=\/wp\/v2\/types\/post"}],"author":[{"embeddable":true,"href":"https:\/\/archive.sana.sy\/es\/index.php?rest_route=\/wp\/v2\/users\/39"}],"replies":[{"embeddable":true,"href":"https:\/\/archive.sana.sy\/es\/index.php?rest_route=%2Fwp%2Fv2%2Fcomments&post=253593"}],"version-history":[{"count":0,"href":"https:\/\/archive.sana.sy\/es\/index.php?rest_route=\/wp\/v2\/posts\/253593\/revisions"}],"wp:featuredmedia":[{"embeddable":true,"href":"https:\/\/archive.sana.sy\/es\/index.php?rest_route=\/wp\/v2\/media\/253594"}],"wp:attachment":[{"href":"https:\/\/archive.sana.sy\/es\/index.php?rest_route=%2Fwp%2Fv2%2Fmedia&parent=253593"}],"wp:term":[{"taxonomy":"category","embeddable":true,"href":"https:\/\/archive.sana.sy\/es\/index.php?rest_route=%2Fwp%2Fv2%2Fcategories&post=253593"},{"taxonomy":"post_tag","embeddable":true,"href":"https:\/\/archive.sana.sy\/es\/index.php?rest_route=%2Fwp%2Fv2%2Ftags&post=253593"}],"curies":[{"name":"wp","href":"https:\/\/api.w.org\/{rel}","templated":true}]}}