{"id":253597,"date":"2022-09-20T22:23:58","date_gmt":"2022-09-20T19:23:58","guid":{"rendered":"http:\/\/107.6.182.27\/es\/?p=253597"},"modified":"2022-11-12T09:41:25","modified_gmt":"2022-11-12T07:41:25","slug":"ataque-terrorista-hiere-a-6-civiles-y-3-policias-en-deraa","status":"publish","type":"post","link":"https:\/\/archive.sana.sy\/es\/?p=253597","title":{"rendered":"Ataque terrorista hiere a 6 civiles y 3 polic\u00edas en Deraa"},"content":{"rendered":"<p style=\"text-align: justify;\"><span style=\"color: #800000;\"><strong>Deraa, 20 sep (SANA)\u00a0 <\/strong><span style=\"color: #000000;\">\u00a0S<\/span><\/span>eis civiles, incluidos 4 ni\u00f1os, y 3 agentes de las Fuerzas de Seguridad Interna resultaron heridos como resultado de un ataque terrorista contra un autob\u00fas policial y un microb\u00fas civil en la localidad de al-Yadouda en el campo oeste de Deraa.<\/p>\n<p style=\"text-align: justify;\">Una fuente en el Comando de Polic\u00eda de la provincia sure\u00f1a de Deraa explic\u00f3 a SANA que ambos veh\u00edculos fueron blanco de fuego de ametralladora\u00a0 mientras pasaban en la mencionada localidad.<\/p>\n<p style=\"text-align: justify;\">Agreg\u00f3 \u00a0que los heridos fueron trasladados a los hospitales de la referida provincia.<\/p>\n<p style=\"text-align: justify;\">sm\/mm<\/p>\n","protected":false},"excerpt":{"rendered":"<p>Deraa, 20 sep (SANA)\u00a0 \u00a0Seis civiles, incluidos 4 ni\u00f1os, y 3 agentes de las Fuerzas de Seguridad Interna resultaron heridos como resultado de un ataque terrorista contra un autob\u00fas policial y un microb\u00fas civil en la localidad de al-Yadouda en el campo oeste de Deraa. Una fuente en el Comando de Polic\u00eda de la provincia &hellip;<\/p>\n","protected":false},"author":39,"featured_media":253598,"comment_status":"closed","ping_status":"closed","sticky":false,"template":"","format":"standard","meta":{"footnotes":""},"categories":[477,597,573,20724,476,7541],"tags":[8914,20085],"class_list":["post-253597","post","type-post","status-publish","format-standard","has-post-thumbnail","","category-noticias-edulcorantes","category-cinta-de-noticias","category-la-realidad-de-los-acontecimientos-en-siria","category-minuto-a-minuto","category-locales","category-ultimas-noticias","tag-ataque-terrorista","tag-derra"],"_links":{"self":[{"href":"https:\/\/archive.sana.sy\/es\/index.php?rest_route=\/wp\/v2\/posts\/253597"}],"collection":[{"href":"https:\/\/archive.sana.sy\/es\/index.php?rest_route=\/wp\/v2\/posts"}],"about":[{"href":"https:\/\/archive.sana.sy\/es\/index.php?rest_route=\/wp\/v2\/types\/post"}],"author":[{"embeddable":true,"href":"https:\/\/archive.sana.sy\/es\/index.php?rest_route=\/wp\/v2\/users\/39"}],"replies":[{"embeddable":true,"href":"https:\/\/archive.sana.sy\/es\/index.php?rest_route=%2Fwp%2Fv2%2Fcomments&post=253597"}],"version-history":[{"count":0,"href":"https:\/\/archive.sana.sy\/es\/index.php?rest_route=\/wp\/v2\/posts\/253597\/revisions"}],"wp:featuredmedia":[{"embeddable":true,"href":"https:\/\/archive.sana.sy\/es\/index.php?rest_route=\/wp\/v2\/media\/253598"}],"wp:attachment":[{"href":"https:\/\/archive.sana.sy\/es\/index.php?rest_route=%2Fwp%2Fv2%2Fmedia&parent=253597"}],"wp:term":[{"taxonomy":"category","embeddable":true,"href":"https:\/\/archive.sana.sy\/es\/index.php?rest_route=%2Fwp%2Fv2%2Fcategories&post=253597"},{"taxonomy":"post_tag","embeddable":true,"href":"https:\/\/archive.sana.sy\/es\/index.php?rest_route=%2Fwp%2Fv2%2Ftags&post=253597"}],"curies":[{"name":"wp","href":"https:\/\/api.w.org\/{rel}","templated":true}]}}