{"id":253644,"date":"2022-09-21T10:39:13","date_gmt":"2022-09-21T07:39:13","guid":{"rendered":"http:\/\/107.6.182.27\/es\/?p=253644"},"modified":"2023-01-10T15:52:53","modified_gmt":"2023-01-10T13:52:53","slug":"kiev-ya-ha-perdido-alrededor-de-la-mitad-de-su-ejercito-rusia-revela-las-cifras-de-militares-rusos-y-ucranianos-muertos","status":"publish","type":"post","link":"https:\/\/archive.sana.sy\/es\/?p=253644","title":{"rendered":"Kiev ya ha perdido alrededor de la mitad de su Ej\u00e9rcito&#8230; Rusia revela las cifras de militares rusos y ucranianos muertos"},"content":{"rendered":"<p style=\"text-align: justify;\"><span style=\"color: #800000;\"><strong>Mosc\u00fa, 21 sep (SANA)<\/strong><\/span>\u00a0 El ministro de Defensa de Rusia, Sergu\u00e9i Shoig\u00fa, revel\u00f3 hoy que 5,937 soldados rusos perdieron la vida durante la operaci\u00f3n militar especial en Ucrania.<\/p>\n<p style=\"text-align: justify;\">Agreg\u00f3 que Kiev ya ha perdido alrededor de la mitad de su Ej\u00e9rcito.<\/p>\n<p style=\"text-align: justify;\">&#8220;Ucrania estuvo representada por unas 201.000 o 202.000 personas. Durante este tiempo, perdieron m\u00e1s de 100.000 de estos efectivos&#8221;, declar\u00f3.<\/p>\n<p style=\"text-align: justify;\">Las \u00faltimas cifras reveladas por el ministro indican que Ucrania ha perdido 61.207 efectivos y tiene otros 49.368 que est\u00e1n heridos.<\/p>\n<p style=\"text-align: justify;\">A\u00f1adi\u00f3 que por eso ya han tenido la cuarta ola de movilizaci\u00f3n.<\/p>\n<p style=\"text-align: justify;\">Se\u00f1al\u00f3 que m\u00e1s de 2.000 mercenarios extranjeros hab\u00edan muerto y que actualmente en Ucrania quedaban poco m\u00e1s de 1.000.<\/p>\n<p style=\"text-align: justify;\">fm\/ws<\/p>\n","protected":false},"excerpt":{"rendered":"<p>Mosc\u00fa, 21 sep (SANA)\u00a0 El ministro de Defensa de Rusia, Sergu\u00e9i Shoig\u00fa, revel\u00f3 hoy que 5,937 soldados rusos perdieron la vida durante la operaci\u00f3n militar especial en Ucrania. Agreg\u00f3 que Kiev ya ha perdido alrededor de la mitad de su Ej\u00e9rcito. &#8220;Ucrania estuvo representada por unas 201.000 o 202.000 personas. Durante este tiempo, perdieron m\u00e1s &hellip;<\/p>\n","protected":false},"author":35,"featured_media":253645,"comment_status":"closed","ping_status":"closed","sticky":false,"template":"","format":"standard","meta":{"footnotes":""},"categories":[597,456,20724,457,7541],"tags":[],"class_list":["post-253644","post","type-post","status-publish","format-standard","has-post-thumbnail","","category-cinta-de-noticias","category-arabe-internacional-politica","category-minuto-a-minuto","category-noticias-arabe-internacional-politica","category-ultimas-noticias"],"_links":{"self":[{"href":"https:\/\/archive.sana.sy\/es\/index.php?rest_route=\/wp\/v2\/posts\/253644"}],"collection":[{"href":"https:\/\/archive.sana.sy\/es\/index.php?rest_route=\/wp\/v2\/posts"}],"about":[{"href":"https:\/\/archive.sana.sy\/es\/index.php?rest_route=\/wp\/v2\/types\/post"}],"author":[{"embeddable":true,"href":"https:\/\/archive.sana.sy\/es\/index.php?rest_route=\/wp\/v2\/users\/35"}],"replies":[{"embeddable":true,"href":"https:\/\/archive.sana.sy\/es\/index.php?rest_route=%2Fwp%2Fv2%2Fcomments&post=253644"}],"version-history":[{"count":0,"href":"https:\/\/archive.sana.sy\/es\/index.php?rest_route=\/wp\/v2\/posts\/253644\/revisions"}],"wp:featuredmedia":[{"embeddable":true,"href":"https:\/\/archive.sana.sy\/es\/index.php?rest_route=\/wp\/v2\/media\/253645"}],"wp:attachment":[{"href":"https:\/\/archive.sana.sy\/es\/index.php?rest_route=%2Fwp%2Fv2%2Fmedia&parent=253644"}],"wp:term":[{"taxonomy":"category","embeddable":true,"href":"https:\/\/archive.sana.sy\/es\/index.php?rest_route=%2Fwp%2Fv2%2Fcategories&post=253644"},{"taxonomy":"post_tag","embeddable":true,"href":"https:\/\/archive.sana.sy\/es\/index.php?rest_route=%2Fwp%2Fv2%2Ftags&post=253644"}],"curies":[{"name":"wp","href":"https:\/\/api.w.org\/{rel}","templated":true}]}}