{"id":253724,"date":"2022-09-21T18:57:17","date_gmt":"2022-09-21T15:57:17","guid":{"rendered":"http:\/\/107.6.182.27\/es\/?p=253724"},"modified":"2023-01-10T14:02:49","modified_gmt":"2023-01-10T12:02:49","slug":"conversaciones-sirio-rusas-en-materia-culturak-y-religiosa","status":"publish","type":"post","link":"https:\/\/archive.sana.sy\/es\/?p=253724","title":{"rendered":"Conversaciones sirio-rusas en materia cultural y religiosa"},"content":{"rendered":"<p style=\"text-align: justify\"><span style=\"color: #800000\"><strong>Mosc\u00fa, 21 sep (SANA)<\/strong> <\/span>El Ministro de Awqaf, Mohamed Abdel Sattar Al-Sayed abord\u00f3 hoy en Mosc\u00fa con los diputados de la Duma Estatal de Rusia las v\u00edas de afianzar la cooperaci\u00f3n binacional en materia cultural y religiosa.<\/p>\n<p style=\"text-align: justify\">El Ministro El-Sayed hizo una panor\u00e1mica sobre las medidas tomadas por su ministerio para hacer frente al extremismo, y los esfuerzos conjuntos con las iglesias cristianas en Siria.<\/p>\n<p style=\"text-align: justify\">Al-Sayed agradeci\u00f3 en nombre del pueblo sirio a Rusia por su apoyo a su pa\u00eds en su guerra contra el terrorismo, y valor\u00f3 altamente las valientes posturas de Mosc\u00fa frente a la hegemon\u00eda occidental.<\/p>\n<p style=\"text-align: justify\">Por su parte, la vicepresidenta de la Duma Estatal de Rusia, Anna Kuznetsova, enfatiz\u00f3 que los lugares sagrados de Siria representan un patrimonio cultural e hist\u00f3rico para todo el mundo.<\/p>\n<p style=\"text-align: justify\">Adem\u00e1s, el vicepresidente de la Duma de Estado, Peter Tolstoy, destac\u00f3 que el acuerdo a firmarse entre el Ministerio de Awqaf sirio y la Administraci\u00f3n Religiosa de los Musulmanes Rusos ser\u00e1 un documento importante y la base para una mayor cooperaci\u00f3n entre los dos pa\u00edses.<\/p>\n<p style=\"text-align: justify\">la<\/p>\n","protected":false},"excerpt":{"rendered":"<p>Mosc\u00fa, 21 sep (SANA) El Ministro de Awqaf, Mohamed Abdel Sattar Al-Sayed abord\u00f3 hoy en Mosc\u00fa con los diputados de la Duma Estatal de Rusia las v\u00edas de afianzar la cooperaci\u00f3n binacional en materia cultural y religiosa. El Ministro El-Sayed hizo una panor\u00e1mica sobre las medidas tomadas por su ministerio para hacer frente al extremismo, &hellip;<\/p>\n","protected":false},"author":24,"featured_media":253725,"comment_status":"closed","ping_status":"closed","sticky":false,"template":"","format":"standard","meta":{"footnotes":""},"categories":[447,597,20724,467,7541],"tags":[],"class_list":["post-253724","post","type-post","status-publish","format-standard","has-post-thumbnail","","category-local-politica","category-cinta-de-noticias","category-minuto-a-minuto","category-siria-y-el-mundo","category-ultimas-noticias"],"_links":{"self":[{"href":"https:\/\/archive.sana.sy\/es\/index.php?rest_route=\/wp\/v2\/posts\/253724"}],"collection":[{"href":"https:\/\/archive.sana.sy\/es\/index.php?rest_route=\/wp\/v2\/posts"}],"about":[{"href":"https:\/\/archive.sana.sy\/es\/index.php?rest_route=\/wp\/v2\/types\/post"}],"author":[{"embeddable":true,"href":"https:\/\/archive.sana.sy\/es\/index.php?rest_route=\/wp\/v2\/users\/24"}],"replies":[{"embeddable":true,"href":"https:\/\/archive.sana.sy\/es\/index.php?rest_route=%2Fwp%2Fv2%2Fcomments&post=253724"}],"version-history":[{"count":0,"href":"https:\/\/archive.sana.sy\/es\/index.php?rest_route=\/wp\/v2\/posts\/253724\/revisions"}],"wp:featuredmedia":[{"embeddable":true,"href":"https:\/\/archive.sana.sy\/es\/index.php?rest_route=\/wp\/v2\/media\/253725"}],"wp:attachment":[{"href":"https:\/\/archive.sana.sy\/es\/index.php?rest_route=%2Fwp%2Fv2%2Fmedia&parent=253724"}],"wp:term":[{"taxonomy":"category","embeddable":true,"href":"https:\/\/archive.sana.sy\/es\/index.php?rest_route=%2Fwp%2Fv2%2Fcategories&post=253724"},{"taxonomy":"post_tag","embeddable":true,"href":"https:\/\/archive.sana.sy\/es\/index.php?rest_route=%2Fwp%2Fv2%2Ftags&post=253724"}],"curies":[{"name":"wp","href":"https:\/\/api.w.org\/{rel}","templated":true}]}}