{"id":253729,"date":"2022-09-21T20:01:43","date_gmt":"2022-09-21T17:01:43","guid":{"rendered":"http:\/\/107.6.182.27\/es\/?p=253729"},"modified":"2022-09-21T20:01:43","modified_gmt":"2022-09-21T17:01:43","slug":"mision-arqueologica-conjunta-sirio-italiana-comienza-su-trabajo-en-el-sitio-de-amrit","status":"publish","type":"post","link":"https:\/\/archive.sana.sy\/es\/?p=253729","title":{"rendered":"Misi\u00f3n arqueol\u00f3gica conjunta sirio-italiana comienza su trabajo en el sitio de Amrit"},"content":{"rendered":"<p style=\"text-align: justify;\"><span style=\"color: #800000;\"><strong>Tartous, 21 sep (SANA)<\/strong> \u00a0<\/span>La misi\u00f3n arqueol\u00f3gica conjunta sirio-italiana comenz\u00f3 el trabajo en el sitio de Amrit en la gobernaci\u00f3n costera de Tartous, que incluy\u00f3 la documentaci\u00f3n de un templo \u00fanico en el mundo en cuanto a su plan arquitect\u00f3nico y los elementos decorativos que lo adornan.<\/p>\n<p style=\"text-align: justify;\">El jefe de la misi\u00f3n del lado sirio, Hammam Saad, dijo en declaraciones a SANA que es la primera misi\u00f3n en a\u00f1os y que los trabajos de la primera temporada incluyen la limpieza de piedras colapsadas y polvo dentro del templo, y se realizar\u00e1n trabajos de documentaci\u00f3n tridimensional de cada piedra en la siguiente etapa, para luego realizar los estudios y planos necesarios para iniciar los trabajos de conservaci\u00f3n y restauraci\u00f3n en el interior del templo.<\/p>\n<p style=\"text-align: justify;\">Explic\u00f3 que el trabajo de todas las misiones extranjeras se detuvo en 2011, a excepci\u00f3n de la h\u00fangara en el castillo Margat, que sigue en curso, y la misi\u00f3n checa en un sitio en la gobernaci\u00f3n de Latakia.<\/p>\n<p style=\"text-align: justify;\">En cuanto a la misi\u00f3n sirio-italiana, dijo que es nueva y la primera en el sitio Amrit.<\/p>\n<p style=\"text-align: justify;\">Por su parte, la Dra. Marina Bucci de la Universidad italiana de Florencia destac\u00f3 la importancia del encuentro sirio-italiano, y explic\u00f3 que el trabajo de excavaci\u00f3n est\u00e1 vinculado a un acuerdo entre el Centro de Investigaci\u00f3n en Italia, la Universidad de Florencia y el Departamento General de Antig\u00fcedades y Museos de Siria.<\/p>\n<p style=\"text-align: justify;\">Se informa que Amrit es un puerto fenicio ubicado cerca de la actual Tart\u00fas en Siria. Fundada en el tercer milenio a. C., era la ciudad importante m\u00e1s septentrional de la antigua Fenicia y rival de la cercana Arwad. Durante el siglo II a. C., Amrit fue derrotado y su sitio en gran parte abandonado, dejando sus ruinas bien conservadas.<\/p>\n<div id='gallery-1' class='gallery galleryid-253729 gallery-columns-1 gallery-size-full'><figure class='gallery-item'>\n\t\t\t<div class='gallery-icon landscape'>\n\t\t\t\t<a href='https:\/\/archive.sana.sy\/es\/?attachment_id=253730'><img loading=\"lazy\" decoding=\"async\" width=\"660\" height=\"440\" src=\"https:\/\/archive.sana.sy\/es\/wp-content\/uploads\/2022\/09\/1-3.jpg\" class=\"attachment-full size-full\" alt=\"\" srcset=\"https:\/\/archive.sana.sy\/es\/wp-content\/uploads\/2022\/09\/1-3.jpg 660w, https:\/\/archive.sana.sy\/es\/wp-content\/uploads\/2022\/09\/1-3-300x200.jpg 300w, https:\/\/archive.sana.sy\/es\/wp-content\/uploads\/2022\/09\/1-3-150x100.jpg 150w\" sizes=\"(max-width: 660px) 100vw, 660px\" \/><\/a>\n\t\t\t<\/div><\/figure><figure class='gallery-item'>\n\t\t\t<div class='gallery-icon landscape'>\n\t\t\t\t<a href='https:\/\/archive.sana.sy\/es\/?attachment_id=253731'><img loading=\"lazy\" decoding=\"async\" width=\"660\" height=\"440\" src=\"https:\/\/archive.sana.sy\/es\/wp-content\/uploads\/2022\/09\/2-3.jpg\" class=\"attachment-full size-full\" alt=\"\" srcset=\"https:\/\/archive.sana.sy\/es\/wp-content\/uploads\/2022\/09\/2-3.jpg 660w, https:\/\/archive.sana.sy\/es\/wp-content\/uploads\/2022\/09\/2-3-300x200.jpg 300w, https:\/\/archive.sana.sy\/es\/wp-content\/uploads\/2022\/09\/2-3-150x100.jpg 150w\" sizes=\"(max-width: 660px) 100vw, 660px\" \/><\/a>\n\t\t\t<\/div><\/figure><figure class='gallery-item'>\n\t\t\t<div class='gallery-icon landscape'>\n\t\t\t\t<a href='https:\/\/archive.sana.sy\/es\/?attachment_id=253732'><img loading=\"lazy\" decoding=\"async\" width=\"660\" height=\"440\" src=\"https:\/\/archive.sana.sy\/es\/wp-content\/uploads\/2022\/09\/3-2.jpg\" class=\"attachment-full size-full\" alt=\"\" srcset=\"https:\/\/archive.sana.sy\/es\/wp-content\/uploads\/2022\/09\/3-2.jpg 660w, https:\/\/archive.sana.sy\/es\/wp-content\/uploads\/2022\/09\/3-2-300x200.jpg 300w, https:\/\/archive.sana.sy\/es\/wp-content\/uploads\/2022\/09\/3-2-150x100.jpg 150w\" sizes=\"(max-width: 660px) 100vw, 660px\" \/><\/a>\n\t\t\t<\/div><\/figure><figure class='gallery-item'>\n\t\t\t<div class='gallery-icon landscape'>\n\t\t\t\t<a href='https:\/\/archive.sana.sy\/es\/?attachment_id=253733'><img loading=\"lazy\" decoding=\"async\" width=\"660\" height=\"440\" src=\"https:\/\/archive.sana.sy\/es\/wp-content\/uploads\/2022\/09\/4-5.jpg\" class=\"attachment-full size-full\" alt=\"\" srcset=\"https:\/\/archive.sana.sy\/es\/wp-content\/uploads\/2022\/09\/4-5.jpg 660w, https:\/\/archive.sana.sy\/es\/wp-content\/uploads\/2022\/09\/4-5-300x200.jpg 300w, https:\/\/archive.sana.sy\/es\/wp-content\/uploads\/2022\/09\/4-5-150x100.jpg 150w\" sizes=\"(max-width: 660px) 100vw, 660px\" \/><\/a>\n\t\t\t<\/div><\/figure><figure class='gallery-item'>\n\t\t\t<div class='gallery-icon landscape'>\n\t\t\t\t<a href='https:\/\/archive.sana.sy\/es\/?attachment_id=253734'><img loading=\"lazy\" decoding=\"async\" width=\"660\" height=\"440\" src=\"https:\/\/archive.sana.sy\/es\/wp-content\/uploads\/2022\/09\/5-4.jpg\" class=\"attachment-full size-full\" alt=\"\" srcset=\"https:\/\/archive.sana.sy\/es\/wp-content\/uploads\/2022\/09\/5-4.jpg 660w, https:\/\/archive.sana.sy\/es\/wp-content\/uploads\/2022\/09\/5-4-300x200.jpg 300w, https:\/\/archive.sana.sy\/es\/wp-content\/uploads\/2022\/09\/5-4-150x100.jpg 150w\" sizes=\"(max-width: 660px) 100vw, 660px\" \/><\/a>\n\t\t\t<\/div><\/figure>\n\t\t<\/div>\n\n<p>mm<\/p>\n","protected":false},"excerpt":{"rendered":"<p>Tartous, 21 sep (SANA) \u00a0La misi\u00f3n arqueol\u00f3gica conjunta sirio-italiana comenz\u00f3 el trabajo en el sitio de Amrit en la gobernaci\u00f3n costera de Tartous, que incluy\u00f3 la documentaci\u00f3n de un templo \u00fanico en el mundo en cuanto a su plan arquitect\u00f3nico y los elementos decorativos que lo adornan. El jefe de la misi\u00f3n del lado sirio, &hellip;<\/p>\n","protected":false},"author":36,"featured_media":253735,"comment_status":"closed","ping_status":"closed","sticky":false,"template":"","format":"standard","meta":{"footnotes":""},"categories":[597,510,20724,476,515,7541],"tags":[18859],"class_list":["post-253729","post","type-post","status-publish","format-standard","has-post-thumbnail","","category-cinta-de-noticias","category-arte-y-cultura","category-minuto-a-minuto","category-locales","category-noticias-arte-y-cultura","category-ultimas-noticias","tag-amrit"],"_links":{"self":[{"href":"https:\/\/archive.sana.sy\/es\/index.php?rest_route=\/wp\/v2\/posts\/253729"}],"collection":[{"href":"https:\/\/archive.sana.sy\/es\/index.php?rest_route=\/wp\/v2\/posts"}],"about":[{"href":"https:\/\/archive.sana.sy\/es\/index.php?rest_route=\/wp\/v2\/types\/post"}],"author":[{"embeddable":true,"href":"https:\/\/archive.sana.sy\/es\/index.php?rest_route=\/wp\/v2\/users\/36"}],"replies":[{"embeddable":true,"href":"https:\/\/archive.sana.sy\/es\/index.php?rest_route=%2Fwp%2Fv2%2Fcomments&post=253729"}],"version-history":[{"count":0,"href":"https:\/\/archive.sana.sy\/es\/index.php?rest_route=\/wp\/v2\/posts\/253729\/revisions"}],"wp:featuredmedia":[{"embeddable":true,"href":"https:\/\/archive.sana.sy\/es\/index.php?rest_route=\/wp\/v2\/media\/253735"}],"wp:attachment":[{"href":"https:\/\/archive.sana.sy\/es\/index.php?rest_route=%2Fwp%2Fv2%2Fmedia&parent=253729"}],"wp:term":[{"taxonomy":"category","embeddable":true,"href":"https:\/\/archive.sana.sy\/es\/index.php?rest_route=%2Fwp%2Fv2%2Fcategories&post=253729"},{"taxonomy":"post_tag","embeddable":true,"href":"https:\/\/archive.sana.sy\/es\/index.php?rest_route=%2Fwp%2Fv2%2Ftags&post=253729"}],"curies":[{"name":"wp","href":"https:\/\/api.w.org\/{rel}","templated":true}]}}