{"id":253748,"date":"2022-09-21T20:39:18","date_gmt":"2022-09-21T17:39:18","guid":{"rendered":"http:\/\/107.6.182.27\/es\/?p=253748"},"modified":"2023-01-10T15:52:51","modified_gmt":"2023-01-10T13:52:51","slug":"agresiones-de-fuerzas-de-ocupacion-israelies-dejan-heridos-a-varios-palestinos","status":"publish","type":"post","link":"https:\/\/archive.sana.sy\/es\/?p=253748","title":{"rendered":"Agresiones de fuerzas de ocupaci\u00f3n israel\u00edes dejan heridos a varios palestinos"},"content":{"rendered":"<p style=\"text-align: justify;\"><span style=\"color: #800000;\"><strong>Jerusal\u00e9n ocupada, 21 sep (SANA)<\/strong><\/span> Docenas de palestinos, incluidos dos ni\u00f1os, resultaron heridos esta noche como resultado del ataque de las fuerzas de ocupaci\u00f3n israel\u00edes lanzados en la ciudad de Jenin, en Cisjordania.<\/p>\n<p style=\"text-align: justify;\">De acuerdo con l agencia palestina de noticias WAFA, las fuerzas de ocupaci\u00f3n asaltaron por tercera vez hoy la aldea de Rummana, al oeste de la ciudad, y atacaron a los palestinos disparando balas y bombas de gas venenoso, hiriendo a dos ni\u00f1os y dejando decenas de casos de asfixia.<\/p>\n<p style=\"text-align: justify;\">Anteriormente, varios estudiantes palestinos resultaron heridos hoy por ataques de las fuerzas de ocupaci\u00f3n israel\u00edes en Nablus y Ramallah en Cisjordania.<\/p>\n<p>mm<\/p>\n","protected":false},"excerpt":{"rendered":"<p>Jerusal\u00e9n ocupada, 21 sep (SANA) Docenas de palestinos, incluidos dos ni\u00f1os, resultaron heridos esta noche como resultado del ataque de las fuerzas de ocupaci\u00f3n israel\u00edes lanzados en la ciudad de Jenin, en Cisjordania. De acuerdo con l agencia palestina de noticias WAFA, las fuerzas de ocupaci\u00f3n asaltaron por tercera vez hoy la aldea de Rummana, &hellip;<\/p>\n","protected":false},"author":36,"featured_media":253749,"comment_status":"closed","ping_status":"closed","sticky":false,"template":"","format":"standard","meta":{"footnotes":""},"categories":[597,456,20724,457],"tags":[20965],"class_list":["post-253748","post","type-post","status-publish","format-standard","has-post-thumbnail","","category-cinta-de-noticias","category-arabe-internacional-politica","category-minuto-a-minuto","category-noticias-arabe-internacional-politica","tag-agresiones-de-fuerzas-de-ocupacion-israelies"],"_links":{"self":[{"href":"https:\/\/archive.sana.sy\/es\/index.php?rest_route=\/wp\/v2\/posts\/253748"}],"collection":[{"href":"https:\/\/archive.sana.sy\/es\/index.php?rest_route=\/wp\/v2\/posts"}],"about":[{"href":"https:\/\/archive.sana.sy\/es\/index.php?rest_route=\/wp\/v2\/types\/post"}],"author":[{"embeddable":true,"href":"https:\/\/archive.sana.sy\/es\/index.php?rest_route=\/wp\/v2\/users\/36"}],"replies":[{"embeddable":true,"href":"https:\/\/archive.sana.sy\/es\/index.php?rest_route=%2Fwp%2Fv2%2Fcomments&post=253748"}],"version-history":[{"count":0,"href":"https:\/\/archive.sana.sy\/es\/index.php?rest_route=\/wp\/v2\/posts\/253748\/revisions"}],"wp:featuredmedia":[{"embeddable":true,"href":"https:\/\/archive.sana.sy\/es\/index.php?rest_route=\/wp\/v2\/media\/253749"}],"wp:attachment":[{"href":"https:\/\/archive.sana.sy\/es\/index.php?rest_route=%2Fwp%2Fv2%2Fmedia&parent=253748"}],"wp:term":[{"taxonomy":"category","embeddable":true,"href":"https:\/\/archive.sana.sy\/es\/index.php?rest_route=%2Fwp%2Fv2%2Fcategories&post=253748"},{"taxonomy":"post_tag","embeddable":true,"href":"https:\/\/archive.sana.sy\/es\/index.php?rest_route=%2Fwp%2Fv2%2Ftags&post=253748"}],"curies":[{"name":"wp","href":"https:\/\/api.w.org\/{rel}","templated":true}]}}