{"id":25379,"date":"2015-06-21T15:00:43","date_gmt":"2015-06-21T12:00:43","guid":{"rendered":"http:\/\/sana.sy\/es\/?p=25379"},"modified":"2015-06-21T15:00:43","modified_gmt":"2015-06-21T12:00:43","slug":"ministro-de-informacion-inaugura-el-canal-zenobia","status":"publish","type":"post","link":"https:\/\/archive.sana.sy\/es\/?p=25379","title":{"rendered":"Ministro de Informaci\u00f3n inaugura el canal \u201cZenobia\u201d"},"content":{"rendered":"<p><span style=\"color: #800000\">Damasco, SANA<\/span><\/p>\n<p>\u201cZenobia\u201d es el nombre del nuevo canal satelital sirio que ha sido anunciado ayer en un acto p\u00fablico que se realiz\u00f3 ayer en el Hotel Sheraton en Damasco.<\/p>\n<p>El ministro de Informaci\u00f3n Omr\u00e1n al-Zoabi habl\u00f3 ayer en la ceremonia inaugural que el Canal Zenobia cuenta con el soporte estatal e iniciar\u00e1 como una estaci\u00f3n de Slide TV para luego desarrollar su labor a la transmisi\u00f3n satelital directa y en vivo.<\/p>\n<p>Al-Zoabi consider\u00f3 que la media siria se caracteriza por la elevada conciencia nacional, la clara visi\u00f3n y la credibilidad durante estos cuatro a\u00f1os de crisis en que varios periodistas han dado la vida mientras desarrollaban su labor informativa.<\/p>\n<p>El jefe de la junta directiva del nuevo canal, Tamer Belbissi, dijo que el mismo ser\u00e1 un punto de conectividad entre el ciudadano y los responsables as\u00ed como entre los emigrantes y la madre patria.<\/p>\n<p>Belbissi destac\u00f3 que \u201cZenobia\u201d transmitir\u00e1 noticias pol\u00edticas, econ\u00f3micas, sociales y culturales de la realidad siria para contrarrestar la propaganda hostil.<\/p>\n<p>&nbsp;<\/p>\n<p>Riyad Sh., Lynn A.<\/p>\n","protected":false},"excerpt":{"rendered":"<p>Damasco, SANA \u201cZenobia\u201d es el nombre del nuevo canal satelital sirio que ha sido anunciado ayer en un acto p\u00fablico que se realiz\u00f3 ayer en el Hotel Sheraton en Damasco. El ministro de Informaci\u00f3n Omr\u00e1n al-Zoabi habl\u00f3 ayer en la ceremonia inaugural que el Canal Zenobia cuenta con el soporte estatal e iniciar\u00e1 como una &hellip;<\/p>\n","protected":false},"author":24,"featured_media":25380,"comment_status":"closed","ping_status":"closed","sticky":false,"template":"","format":"standard","meta":{"footnotes":""},"categories":[477,510,476,515],"tags":[5709],"class_list":["post-25379","post","type-post","status-publish","format-standard","has-post-thumbnail","","category-noticias-edulcorantes","category-arte-y-cultura","category-locales","category-noticias-arte-y-cultura","tag-ministro-de-informacion-inaugura-el-canal-zenobia"],"_links":{"self":[{"href":"https:\/\/archive.sana.sy\/es\/index.php?rest_route=\/wp\/v2\/posts\/25379"}],"collection":[{"href":"https:\/\/archive.sana.sy\/es\/index.php?rest_route=\/wp\/v2\/posts"}],"about":[{"href":"https:\/\/archive.sana.sy\/es\/index.php?rest_route=\/wp\/v2\/types\/post"}],"author":[{"embeddable":true,"href":"https:\/\/archive.sana.sy\/es\/index.php?rest_route=\/wp\/v2\/users\/24"}],"replies":[{"embeddable":true,"href":"https:\/\/archive.sana.sy\/es\/index.php?rest_route=%2Fwp%2Fv2%2Fcomments&post=25379"}],"version-history":[{"count":0,"href":"https:\/\/archive.sana.sy\/es\/index.php?rest_route=\/wp\/v2\/posts\/25379\/revisions"}],"wp:featuredmedia":[{"embeddable":true,"href":"https:\/\/archive.sana.sy\/es\/index.php?rest_route=\/wp\/v2\/media\/25380"}],"wp:attachment":[{"href":"https:\/\/archive.sana.sy\/es\/index.php?rest_route=%2Fwp%2Fv2%2Fmedia&parent=25379"}],"wp:term":[{"taxonomy":"category","embeddable":true,"href":"https:\/\/archive.sana.sy\/es\/index.php?rest_route=%2Fwp%2Fv2%2Fcategories&post=25379"},{"taxonomy":"post_tag","embeddable":true,"href":"https:\/\/archive.sana.sy\/es\/index.php?rest_route=%2Fwp%2Fv2%2Ftags&post=25379"}],"curies":[{"name":"wp","href":"https:\/\/api.w.org\/{rel}","templated":true}]}}