{"id":253868,"date":"2022-09-22T18:23:46","date_gmt":"2022-09-22T15:23:46","guid":{"rendered":"http:\/\/107.6.182.27\/es\/?p=253868"},"modified":"2023-01-10T15:52:47","modified_gmt":"2023-01-10T13:52:47","slug":"fuerzas-iraquies-eliminan-a-dos-terroristas-del-daesh-en-el-noreste-del-pais","status":"publish","type":"post","link":"https:\/\/archive.sana.sy\/es\/?p=253868","title":{"rendered":"Fuerzas iraqu\u00edes eliminan a dos terroristas del Daesh en el noreste del pa\u00eds"},"content":{"rendered":"<p style=\"text-align: justify;\"><span style=\"color: #800000;\"><strong>Bagdad, 22 sep (SANA)\u00a0 \u00a0<\/strong><\/span>Las fuerzas iraqu\u00edes eliminaron hoy a dos terroristas y destruyeron un escondite durante de \u201cDaesh\u201d una operaci\u00f3n de seguridad.<\/p>\n<p style=\"text-align: justify;\">La agencia nacional iraqu\u00ed de noticias, citando a una fuente militar, inform\u00f3 que las Fuerzas de Lucha Antiterrorista lograron neutralizar a dos miembros de la mencionada organizaci\u00f3n terrorista en las monta\u00f1as Hamrin, al noreste del pa\u00eds.<\/p>\n<p style=\"text-align: justify;\">Asimismo, se destruy\u00f3 por completo un escondite de la referida organizaci\u00f3n terrorista.<\/p>\n<p style=\"text-align: justify;\">sm<\/p>\n","protected":false},"excerpt":{"rendered":"<p>Bagdad, 22 sep (SANA)\u00a0 \u00a0Las fuerzas iraqu\u00edes eliminaron hoy a dos terroristas y destruyeron un escondite durante de \u201cDaesh\u201d una operaci\u00f3n de seguridad. La agencia nacional iraqu\u00ed de noticias, citando a una fuente militar, inform\u00f3 que las Fuerzas de Lucha Antiterrorista lograron neutralizar a dos miembros de la mencionada organizaci\u00f3n terrorista en las monta\u00f1as Hamrin, &hellip;<\/p>\n","protected":false},"author":39,"featured_media":253869,"comment_status":"closed","ping_status":"closed","sticky":false,"template":"","format":"standard","meta":{"footnotes":""},"categories":[597,456,20724],"tags":[8616,11043],"class_list":["post-253868","post","type-post","status-publish","format-standard","has-post-thumbnail","","category-cinta-de-noticias","category-arabe-internacional-politica","category-minuto-a-minuto","tag-daesh","tag-fuerzas-iraquies"],"_links":{"self":[{"href":"https:\/\/archive.sana.sy\/es\/index.php?rest_route=\/wp\/v2\/posts\/253868"}],"collection":[{"href":"https:\/\/archive.sana.sy\/es\/index.php?rest_route=\/wp\/v2\/posts"}],"about":[{"href":"https:\/\/archive.sana.sy\/es\/index.php?rest_route=\/wp\/v2\/types\/post"}],"author":[{"embeddable":true,"href":"https:\/\/archive.sana.sy\/es\/index.php?rest_route=\/wp\/v2\/users\/39"}],"replies":[{"embeddable":true,"href":"https:\/\/archive.sana.sy\/es\/index.php?rest_route=%2Fwp%2Fv2%2Fcomments&post=253868"}],"version-history":[{"count":0,"href":"https:\/\/archive.sana.sy\/es\/index.php?rest_route=\/wp\/v2\/posts\/253868\/revisions"}],"wp:featuredmedia":[{"embeddable":true,"href":"https:\/\/archive.sana.sy\/es\/index.php?rest_route=\/wp\/v2\/media\/253869"}],"wp:attachment":[{"href":"https:\/\/archive.sana.sy\/es\/index.php?rest_route=%2Fwp%2Fv2%2Fmedia&parent=253868"}],"wp:term":[{"taxonomy":"category","embeddable":true,"href":"https:\/\/archive.sana.sy\/es\/index.php?rest_route=%2Fwp%2Fv2%2Fcategories&post=253868"},{"taxonomy":"post_tag","embeddable":true,"href":"https:\/\/archive.sana.sy\/es\/index.php?rest_route=%2Fwp%2Fv2%2Ftags&post=253868"}],"curies":[{"name":"wp","href":"https:\/\/api.w.org\/{rel}","templated":true}]}}