{"id":253913,"date":"2022-09-22T22:09:27","date_gmt":"2022-09-22T19:09:27","guid":{"rendered":"http:\/\/107.6.182.27\/es\/?p=253913"},"modified":"2022-09-22T22:09:27","modified_gmt":"2022-09-22T19:09:27","slug":"los-estadounidenses-estan-luchando-contra-los-rusos-hasta-el-ultimo-ucraniano","status":"publish","type":"post","link":"https:\/\/archive.sana.sy\/es\/?p=253913","title":{"rendered":"&#8220;Los estadounidenses est\u00e1n luchando contra los rusos hasta el \u00faltimo ucraniano&#8221;"},"content":{"rendered":"<p style=\"text-align: justify;\"><span style=\"color: #800000;\"><strong>Damasco, 22 sep (SANA)<\/strong><\/span> Mientras los l\u00edderes occidentales &#8220;literalmente odien a Rusia de forma racista&#8221;, los ucranianos morir\u00e1n y Europa se enfrentar\u00e1 a una crisis energ\u00e9tica, comparti\u00f3 con Sputnik el vicepresidente del partido eslovaco Direcci\u00f3n Socialdem\u00f3crata (Smer-SD), Lubos Blaha.<\/p>\n<p style=\"text-align: justify;\">El pol\u00edtico asegura que la movilizaci\u00f3n anunciada por Rusia es consecuencia de la inflexibilidad que muestra Occidente respecto a los temores de Mosc\u00fa sobre su seguridad.<\/p>\n<p style=\"text-align: justify;\">&#8220;El anuncio de la movilizaci\u00f3n es una prueba clara de que Rusia no ceder\u00e1 ni un mil\u00edmetro y las sanciones no servir\u00e1n de nada. Por el contrario, la pol\u00edtica agresiva e imperialista de Occidente conduce a una escalada del conflicto, que solo significar\u00e1 una cosa: habr\u00e1 10.000 muertos m\u00e1s&#8221;, comparti\u00f3 Lubos Blaha.<\/p>\n<p style=\"text-align: justify;\">El socialista eslovaco cree que no es necesario ser un fan\u00e1tico de la Federaci\u00f3n de Rusia, como lo es la mayor\u00eda de los eslovacos, pero vale la pena tomarse las preocupaciones de Mosc\u00fa en serio.<\/p>\n<p style=\"text-align: justify;\">&#8220;Es una potencia nuclear. Siente el peligro que supone la expansi\u00f3n de la OTAN. Si queremos paz, el odio no nos ayudar\u00e1. Y si Occidente quiere una tercera guerra mundial, est\u00e1 haciendo lo mejor que puede para que suceda&#8221;, advirti\u00f3 el pol\u00edtico.<\/p>\n<p style=\"text-align: justify;\">En sus palabras, fue justamente &#8220;el golpe de Estado del 2014, las insinuaciones sobre la expansi\u00f3n de la OTAN, la arrogancia de Zelenski y las armas estadounidenses&#8221; lo que provocaron la situaci\u00f3n actual que vive Ucrania. &#8220;\u00bfCu\u00e1nto tiempo m\u00e1s estaremos congelados en Europa, en Eslovaquia, porque los l\u00edderes occidentales literalmente odian a Rusia de una manera racista?&#8221;, se pregunt\u00f3.<\/p>\n<p style=\"text-align: justify;\">Blaha se\u00f1al\u00f3 que incluso antes de la movilizaci\u00f3n, Rusia ya hab\u00eda ocupado una quinta parte de Ucrania y ahora que se anunci\u00f3 un llamado a las armas de 300.000 tropas las cosas ser\u00e1n a\u00fan peor para el r\u00e9gimen ucraniano.<\/p>\n<p style=\"text-align: justify;\">&#8220;300.000 militares. Y estamos hablando de uniformados de reserva con experiencia militar. \u00bfQu\u00e9 quieren hacer los ucranianos con eso? \u00bfMorir por los intereses de Estados Unidos? Esto es lo que est\u00e1 causando el conflicto en Ucrania: los estadounidenses est\u00e1n luchando contra los rusos hasta el \u00faltimo ucraniano&#8221;, sentenci\u00f3 el pol\u00edtico.<\/p>\n<p style=\"text-align: justify;\">Fuente: <strong><span style=\"color: #0000ff;\">Sputnik<\/span><\/strong><\/p>\n","protected":false},"excerpt":{"rendered":"<p>Damasco, 22 sep (SANA) Mientras los l\u00edderes occidentales &#8220;literalmente odien a Rusia de forma racista&#8221;, los ucranianos morir\u00e1n y Europa se enfrentar\u00e1 a una crisis energ\u00e9tica, comparti\u00f3 con Sputnik el vicepresidente del partido eslovaco Direcci\u00f3n Socialdem\u00f3crata (Smer-SD), Lubos Blaha. El pol\u00edtico asegura que la movilizaci\u00f3n anunciada por Rusia es consecuencia de la inflexibilidad que muestra &hellip;<\/p>\n","protected":false},"author":30,"featured_media":253914,"comment_status":"closed","ping_status":"closed","sticky":false,"template":"","format":"standard","meta":{"footnotes":""},"categories":[555,597,20724],"tags":[17846,19747,19811,6695,20357],"class_list":["post-253913","post","type-post","status-publish","format-standard","has-post-thumbnail","","category-prensa","category-cinta-de-noticias","category-minuto-a-minuto","tag-estados-unidos","tag-guerra","tag-otan","tag-rusia","tag-ucrania"],"_links":{"self":[{"href":"https:\/\/archive.sana.sy\/es\/index.php?rest_route=\/wp\/v2\/posts\/253913"}],"collection":[{"href":"https:\/\/archive.sana.sy\/es\/index.php?rest_route=\/wp\/v2\/posts"}],"about":[{"href":"https:\/\/archive.sana.sy\/es\/index.php?rest_route=\/wp\/v2\/types\/post"}],"author":[{"embeddable":true,"href":"https:\/\/archive.sana.sy\/es\/index.php?rest_route=\/wp\/v2\/users\/30"}],"replies":[{"embeddable":true,"href":"https:\/\/archive.sana.sy\/es\/index.php?rest_route=%2Fwp%2Fv2%2Fcomments&post=253913"}],"version-history":[{"count":0,"href":"https:\/\/archive.sana.sy\/es\/index.php?rest_route=\/wp\/v2\/posts\/253913\/revisions"}],"wp:featuredmedia":[{"embeddable":true,"href":"https:\/\/archive.sana.sy\/es\/index.php?rest_route=\/wp\/v2\/media\/253914"}],"wp:attachment":[{"href":"https:\/\/archive.sana.sy\/es\/index.php?rest_route=%2Fwp%2Fv2%2Fmedia&parent=253913"}],"wp:term":[{"taxonomy":"category","embeddable":true,"href":"https:\/\/archive.sana.sy\/es\/index.php?rest_route=%2Fwp%2Fv2%2Fcategories&post=253913"},{"taxonomy":"post_tag","embeddable":true,"href":"https:\/\/archive.sana.sy\/es\/index.php?rest_route=%2Fwp%2Fv2%2Ftags&post=253913"}],"curies":[{"name":"wp","href":"https:\/\/api.w.org\/{rel}","templated":true}]}}