{"id":253916,"date":"2022-09-23T07:39:29","date_gmt":"2022-09-23T04:39:29","guid":{"rendered":"http:\/\/107.6.182.27\/es\/?p=253916"},"modified":"2022-09-23T17:28:04","modified_gmt":"2022-09-23T14:28:04","slug":"cancilleres-de-siria-y-argelia-instan-a-unificar-las-filas-y-fortalecer-la-accion-arabe-conjunta-ante-los-desafios","status":"publish","type":"post","link":"https:\/\/archive.sana.sy\/es\/?p=253916","title":{"rendered":"Cancilleres de Siria y Argelia instan a unificar las filas y fortalecer la acci\u00f3n \u00e1rabe conjunta ante los desaf\u00edos"},"content":{"rendered":"<p style=\"text-align: justify;\"><span style=\"color: #800000;\"><strong>Nueva York, 23 sep (SANA)<\/strong><\/span> En el marco del 77\u00ba periodo de sesiones de la Asamblea General de las Naciones Unidas, el ministro de Asuntos Exteriores y Expatriados, Faisal al-Mekdad, repas\u00f3 con su hom\u00f3logo de Argelia, Ramtane Lamamra, los \u00faltimos desarrollos en la arena \u00e1rabe.<\/p>\n<p style=\"text-align: justify;\">Los puntos de vista de los dos cancilleres coincidieron sobre la necesidad de unificar las filas \u00e1rabes y fortalecer la acci\u00f3n \u00e1rabe conjunta ante los desaf\u00edos y peligros que enfrentan los pa\u00edses \u00e1rabes.<\/p>\n<p style=\"text-align: justify;\">Aseguraron que la causa palestina y la liberaci\u00f3n de los territorios \u00e1rabes ocupados por \u201cIsrael\u201d siguen siendo la causa principal y central.<\/p>\n<p style=\"text-align: justify;\">Al-Mekdad manifest\u00f3 la confianza de Siria en el papel que Argelia podr\u00eda desempe\u00f1ar para unir las filas \u00e1rabes y recuperar el esp\u00edritu de solidaridad entre los pa\u00edses \u00e1rabes.<\/p>\n<p style=\"text-align: justify;\">A su vez, el ministro Lamamra reiter\u00f3 la firme posici\u00f3n de Argelia de apoyo a la soberan\u00eda, independencia e integridad territorial de Siria y a su lucha contra el terrorismo, y elogi\u00f3 la firmeza sin precedentes de Siria durante los \u00faltimos a\u00f1os.<\/p>\n<p style=\"text-align: justify;\">Asimismo, los dos ministros repasaron las v\u00edas de desarrollar la cooperaci\u00f3n y coordinaci\u00f3n entre los dos pa\u00edses en los diversos sectores pol\u00edtico, econ\u00f3mico y cultural y expresaron su satisfacci\u00f3n por el nivel de las relaciones bilaterales y la necesidad de impulsarlas a\u00fan m\u00e1s.<\/p>\n<p style=\"text-align: justify;\">Acordaron continuar la consulta y coordinaci\u00f3n, ya sea con respecto a la cooperaci\u00f3n o la acci\u00f3n \u00e1rabe conjunta.<\/p>\n<p style=\"text-align: justify;\"><em><strong>fm\/ah<\/strong><\/em><\/p>\n","protected":false},"excerpt":{"rendered":"<p>Nueva York, 23 sep (SANA) En el marco del 77\u00ba periodo de sesiones de la Asamblea General de las Naciones Unidas, el ministro de Asuntos Exteriores y Expatriados, Faisal al-Mekdad, repas\u00f3 con su hom\u00f3logo de Argelia, Ramtane Lamamra, los \u00faltimos desarrollos en la arena \u00e1rabe. Los puntos de vista de los dos cancilleres coincidieron sobre &hellip;<\/p>\n","protected":false},"author":30,"featured_media":253917,"comment_status":"closed","ping_status":"closed","sticky":false,"template":"","format":"standard","meta":{"footnotes":""},"categories":[597,20724,467,7541],"tags":[6867,20017,6553],"class_list":["post-253916","post","type-post","status-publish","format-standard","has-post-thumbnail","","category-cinta-de-noticias","category-minuto-a-minuto","category-siria-y-el-mundo","category-ultimas-noticias","tag-argelia","tag-asamblea-general-de-las-naciones-unidas","tag-siria"],"_links":{"self":[{"href":"https:\/\/archive.sana.sy\/es\/index.php?rest_route=\/wp\/v2\/posts\/253916"}],"collection":[{"href":"https:\/\/archive.sana.sy\/es\/index.php?rest_route=\/wp\/v2\/posts"}],"about":[{"href":"https:\/\/archive.sana.sy\/es\/index.php?rest_route=\/wp\/v2\/types\/post"}],"author":[{"embeddable":true,"href":"https:\/\/archive.sana.sy\/es\/index.php?rest_route=\/wp\/v2\/users\/30"}],"replies":[{"embeddable":true,"href":"https:\/\/archive.sana.sy\/es\/index.php?rest_route=%2Fwp%2Fv2%2Fcomments&post=253916"}],"version-history":[{"count":0,"href":"https:\/\/archive.sana.sy\/es\/index.php?rest_route=\/wp\/v2\/posts\/253916\/revisions"}],"wp:featuredmedia":[{"embeddable":true,"href":"https:\/\/archive.sana.sy\/es\/index.php?rest_route=\/wp\/v2\/media\/253917"}],"wp:attachment":[{"href":"https:\/\/archive.sana.sy\/es\/index.php?rest_route=%2Fwp%2Fv2%2Fmedia&parent=253916"}],"wp:term":[{"taxonomy":"category","embeddable":true,"href":"https:\/\/archive.sana.sy\/es\/index.php?rest_route=%2Fwp%2Fv2%2Fcategories&post=253916"},{"taxonomy":"post_tag","embeddable":true,"href":"https:\/\/archive.sana.sy\/es\/index.php?rest_route=%2Fwp%2Fv2%2Ftags&post=253916"}],"curies":[{"name":"wp","href":"https:\/\/api.w.org\/{rel}","templated":true}]}}