{"id":253957,"date":"2022-09-23T12:59:02","date_gmt":"2022-09-23T09:59:02","guid":{"rendered":"http:\/\/107.6.182.27\/es\/?p=253957"},"modified":"2023-01-10T15:52:46","modified_gmt":"2023-01-10T13:52:46","slug":"habitantes-del-donbas-y-varias-regiones-liberadas-comienzan-a-votar-en-el-referendum-para-unirse-a-rusia","status":"publish","type":"post","link":"https:\/\/archive.sana.sy\/es\/?p=253957","title":{"rendered":"Habitantes del Donb\u00e1s y varias regiones liberadas comienzan a votar en el refer\u00e9ndum para unirse a Rusia"},"content":{"rendered":"<blockquote>\n<ul>\n<li style=\"text-align: justify;\"><span style=\"color: #ff0000;\"><em><strong>La votaci\u00f3n durar\u00e1 cinco d\u00edas hasta el 27 de septiembre, y por razones de seguridad, la votaci\u00f3n se llevar\u00e1 a cabo durante los primeros cuatro d\u00edas desde hogares, donde las comisiones electorales llevan urnas y recorren barrios residenciales y casas para recoger los votos de los ciudadanos.<\/strong><\/em><\/span><\/li>\n<\/ul>\n<\/blockquote>\n<p style=\"text-align: justify;\">\n<span style=\"color: #800000;\"><strong>Donetsk- Lugansk, 23 sep (SANA)<\/strong><\/span> La votaci\u00f3n en el refer\u00e9ndum sobre la adhesi\u00f3n a la Federaci\u00f3n de Rusia comenz\u00f3 hoy en las rep\u00fablicas Populares de Donetsk y Lugansk, as\u00ed como en las zonas liberadas de Jers\u00f3n y Zaporozhie.<\/p>\n<p style=\"text-align: justify;\">Seg\u00fan RT, la votaci\u00f3n durar\u00e1 cinco d\u00edas hasta el 27 de septiembre, y por razones de seguridad, la votaci\u00f3n se llevar\u00e1 a cabo durante los primeros cuatro d\u00edas desde hogares, donde las comisiones electorales llevan urnas y recorren barrios residenciales y casas para recoger los votos de los ciudadanos.<\/p>\n<p style=\"text-align: justify;\">Este paso se lleva a cabo con el fin de garantizar la seguridad de los ciudadanos y evitar su concentraci\u00f3n en los centros para que no sean blancos de las fuerzas ucranianas.<\/p>\n<p style=\"text-align: justify;\">\u201cEn el \u00faltimo d\u00eda, la votaci\u00f3n ser\u00e1 dentro de los centros de votaci\u00f3n\u201d, a\u00f1adi\u00f3 RT.<\/p>\n<p style=\"text-align: justify;\">Para garantizar los derechos de los refugiados de Donb\u00e1s y las zonas liberadas en territorio ruso, se han establecido centros electorales en las provincias y regiones del este de Rusia y han estado abiertas para recibir refugiados y votar desde hora tempranas.<\/p>\n<p style=\"text-align: justify;\">En una declaraci\u00f3n de prensa, el presidente de Lugansk, Leonid Basichnik, dijo: \u201cHemos estado esperando este d\u00eda durante ocho largos a\u00f1os&#8230; A trav\u00e9s de este refer\u00e9ndum encontraremos la calma, la paz y el regreso a la madre patria\u201d.<\/p>\n<p style=\"text-align: justify;\">Las autoridades de las Rep\u00fablicas Populares de Lugansk y Donetsk anunciaron el 20 de septiembre su decisi\u00f3n de organizar un refer\u00e9ndum sobre la adhesi\u00f3n a Rusia entre el 23 y el 27 de este mes.<\/p>\n<p style=\"text-align: justify;\"><em><strong>ah\/fm<\/strong><\/em><\/p>\n","protected":false},"excerpt":{"rendered":"<p>La votaci\u00f3n durar\u00e1 cinco d\u00edas hasta el 27 de septiembre, y por razones de seguridad, la votaci\u00f3n se llevar\u00e1 a cabo durante los primeros cuatro d\u00edas desde hogares, donde las comisiones electorales llevan urnas y recorren barrios residenciales y casas para recoger los votos de los ciudadanos. Donetsk- Lugansk, 23 sep (SANA) La votaci\u00f3n en &hellip;<\/p>\n","protected":false},"author":30,"featured_media":253958,"comment_status":"closed","ping_status":"closed","sticky":false,"template":"","format":"standard","meta":{"footnotes":""},"categories":[456,20724,583],"tags":[],"class_list":["post-253957","post","type-post","status-publish","format-standard","has-post-thumbnail","","category-arabe-internacional-politica","category-minuto-a-minuto","category-slide"],"_links":{"self":[{"href":"https:\/\/archive.sana.sy\/es\/index.php?rest_route=\/wp\/v2\/posts\/253957"}],"collection":[{"href":"https:\/\/archive.sana.sy\/es\/index.php?rest_route=\/wp\/v2\/posts"}],"about":[{"href":"https:\/\/archive.sana.sy\/es\/index.php?rest_route=\/wp\/v2\/types\/post"}],"author":[{"embeddable":true,"href":"https:\/\/archive.sana.sy\/es\/index.php?rest_route=\/wp\/v2\/users\/30"}],"replies":[{"embeddable":true,"href":"https:\/\/archive.sana.sy\/es\/index.php?rest_route=%2Fwp%2Fv2%2Fcomments&post=253957"}],"version-history":[{"count":0,"href":"https:\/\/archive.sana.sy\/es\/index.php?rest_route=\/wp\/v2\/posts\/253957\/revisions"}],"wp:featuredmedia":[{"embeddable":true,"href":"https:\/\/archive.sana.sy\/es\/index.php?rest_route=\/wp\/v2\/media\/253958"}],"wp:attachment":[{"href":"https:\/\/archive.sana.sy\/es\/index.php?rest_route=%2Fwp%2Fv2%2Fmedia&parent=253957"}],"wp:term":[{"taxonomy":"category","embeddable":true,"href":"https:\/\/archive.sana.sy\/es\/index.php?rest_route=%2Fwp%2Fv2%2Fcategories&post=253957"},{"taxonomy":"post_tag","embeddable":true,"href":"https:\/\/archive.sana.sy\/es\/index.php?rest_route=%2Fwp%2Fv2%2Ftags&post=253957"}],"curies":[{"name":"wp","href":"https:\/\/api.w.org\/{rel}","templated":true}]}}