{"id":253960,"date":"2022-09-23T13:06:36","date_gmt":"2022-09-23T10:06:36","guid":{"rendered":"http:\/\/107.6.182.27\/es\/?p=253960"},"modified":"2023-01-10T15:52:46","modified_gmt":"2023-01-10T13:52:46","slug":"la-onu-deberia-ser-una-organizacion-de-pueblos-y-no-de-potencias-afirma-presidente-irani","status":"publish","type":"post","link":"https:\/\/archive.sana.sy\/es\/?p=253960","title":{"rendered":"La ONU deber\u00eda ser una organizaci\u00f3n de pueblos y no de potencias, afirma presidente iran\u00ed"},"content":{"rendered":"<blockquote>\n<p style=\"text-align: justify;\"><span style=\"color: #ff0000;\"><em><strong>\u201cIr\u00e1n cree en el di\u00e1logo, y a cambio, la OTAN y Estados Unidos solo han tra\u00eddo guerra, destrucci\u00f3n, ocupaci\u00f3n y masacres a la regi\u00f3n\u201d, agreg\u00f3 Raisi.<\/strong><\/em><\/span><\/p>\n<\/blockquote>\n<p style=\"text-align: justify;\"><span style=\"color: #800000;\"><strong>Nueva York, 23 sep (SANA)<\/strong> <\/span>El presidente iran\u00ed, Ebrahim Raisi, subray\u00f3 que la ONU deber\u00eda ser, en el verdadero sentido, la organizaci\u00f3n de los pueblos y no de las potencias.<\/p>\n<p style=\"text-align: justify;\">\u201cLa ONU juega papel importante y clave en permitir a los pueblos resolver sus problemas por s\u00ed mismos y evitar que los extranjeros interfieran en sus asuntos internos\u201d, dijo el mandatario citado por la agencia IRNA, durante su reuni\u00f3n con el secretario general de la ONU, Antonio Guterres.<\/p>\n<p style=\"text-align: justify;\">Asimismo, el mandatario persa resalt\u00f3 la importancia de que la organizaci\u00f3n internacional juegue un papel m\u00e1s serio contra los comportamientos unilaterales.<\/p>\n<p style=\"text-align: justify;\">En el mismo contexto, ratific\u00f3 el apoyo de Ir\u00e1n a los di\u00e1logos regionales para resolver problemas entre los pa\u00edses, as\u00ed como subray\u00f3 los grandes esfuerzos humanitarios de Ir\u00e1n en el alojamiento de los migrantes afganos, as\u00ed como en la lucha seria contra el terrorismo como un gran peligro para la regi\u00f3n y el mundo.<\/p>\n<p style=\"text-align: justify;\">\u201cA cambio, la OTAN y Estados Unidos solo han tra\u00eddo guerra, destrucci\u00f3n, ocupaci\u00f3n y masacres a la regi\u00f3n\u201d, agreg\u00f3 Raisi.<\/p>\n<p style=\"text-align: justify;\"><em><strong>ah\/fm<\/strong><\/em><\/p>\n","protected":false},"excerpt":{"rendered":"<p>\u201cIr\u00e1n cree en el di\u00e1logo, y a cambio, la OTAN y Estados Unidos solo han tra\u00eddo guerra, destrucci\u00f3n, ocupaci\u00f3n y masacres a la regi\u00f3n\u201d, agreg\u00f3 Raisi. Nueva York, 23 sep (SANA) El presidente iran\u00ed, Ebrahim Raisi, subray\u00f3 que la ONU deber\u00eda ser, en el verdadero sentido, la organizaci\u00f3n de los pueblos y no de las &hellip;<\/p>\n","protected":false},"author":30,"featured_media":253961,"comment_status":"closed","ping_status":"closed","sticky":false,"template":"","format":"standard","meta":{"footnotes":""},"categories":[597,456,20724],"tags":[],"class_list":["post-253960","post","type-post","status-publish","format-standard","has-post-thumbnail","","category-cinta-de-noticias","category-arabe-internacional-politica","category-minuto-a-minuto"],"_links":{"self":[{"href":"https:\/\/archive.sana.sy\/es\/index.php?rest_route=\/wp\/v2\/posts\/253960"}],"collection":[{"href":"https:\/\/archive.sana.sy\/es\/index.php?rest_route=\/wp\/v2\/posts"}],"about":[{"href":"https:\/\/archive.sana.sy\/es\/index.php?rest_route=\/wp\/v2\/types\/post"}],"author":[{"embeddable":true,"href":"https:\/\/archive.sana.sy\/es\/index.php?rest_route=\/wp\/v2\/users\/30"}],"replies":[{"embeddable":true,"href":"https:\/\/archive.sana.sy\/es\/index.php?rest_route=%2Fwp%2Fv2%2Fcomments&post=253960"}],"version-history":[{"count":0,"href":"https:\/\/archive.sana.sy\/es\/index.php?rest_route=\/wp\/v2\/posts\/253960\/revisions"}],"wp:featuredmedia":[{"embeddable":true,"href":"https:\/\/archive.sana.sy\/es\/index.php?rest_route=\/wp\/v2\/media\/253961"}],"wp:attachment":[{"href":"https:\/\/archive.sana.sy\/es\/index.php?rest_route=%2Fwp%2Fv2%2Fmedia&parent=253960"}],"wp:term":[{"taxonomy":"category","embeddable":true,"href":"https:\/\/archive.sana.sy\/es\/index.php?rest_route=%2Fwp%2Fv2%2Fcategories&post=253960"},{"taxonomy":"post_tag","embeddable":true,"href":"https:\/\/archive.sana.sy\/es\/index.php?rest_route=%2Fwp%2Fv2%2Ftags&post=253960"}],"curies":[{"name":"wp","href":"https:\/\/api.w.org\/{rel}","templated":true}]}}