{"id":253996,"date":"2022-09-23T16:51:20","date_gmt":"2022-09-23T13:51:20","guid":{"rendered":"http:\/\/107.6.182.27\/es\/?p=253996"},"modified":"2023-01-10T15:52:46","modified_gmt":"2023-01-10T13:52:46","slug":"fuerzas-ucranianas-intentan-interrumpir-el-referendum-bombardeando-zonas-residenciales-en-lugansk","status":"publish","type":"post","link":"https:\/\/archive.sana.sy\/es\/?p=253996","title":{"rendered":"Fuerzas ucranianas intentan interrumpir el refer\u00e9ndum bombardeando zonas residenciales en Lugansk"},"content":{"rendered":"<p style=\"text-align: justify;\"><span style=\"color: #800000;\"><strong>Mosc\u00fa, 23 sep (SANA)\u00a0<\/strong> <\/span>\u00a0El oficial de las Fuerzas de la Rep\u00fablica Popular de Lugansk, Andrei Maruchko, declar\u00f3 que las fuerzas del r\u00e9gimen de Kiev est\u00e1n tratando de interrumpir el refer\u00e9ndum sobre la adhesi\u00f3n de la rep\u00fablica a Rusia mediante bombardeos constantes.<\/p>\n<p style=\"text-align: justify;\">&#8220;Es evidente que las fuerzas ucranianas temen al refer\u00e9ndum y har\u00e1n todo lo posible para interrumpirlo&#8221;, dijo el Oficial a la agencia de noticias RIA.<\/p>\n<p style=\"text-align: justify;\">Se\u00f1al\u00f3 que desde la ma\u00f1ana el centro residencial Stakhanov ha sido bombardeado con misiles estadounidenses HIMARS, y la situaci\u00f3n en otros centros no es tan tranquila.<\/p>\n<p style=\"text-align: justify;\">Asegur\u00f3 que cualquier bombardeo no afectar\u00eda el curso del proceso de votaci\u00f3n.<\/p>\n<p style=\"text-align: justify;\">sm\/fm<\/p>\n","protected":false},"excerpt":{"rendered":"<p>Mosc\u00fa, 23 sep (SANA)\u00a0 \u00a0El oficial de las Fuerzas de la Rep\u00fablica Popular de Lugansk, Andrei Maruchko, declar\u00f3 que las fuerzas del r\u00e9gimen de Kiev est\u00e1n tratando de interrumpir el refer\u00e9ndum sobre la adhesi\u00f3n de la rep\u00fablica a Rusia mediante bombardeos constantes. &#8220;Es evidente que las fuerzas ucranianas temen al refer\u00e9ndum y har\u00e1n todo lo &hellip;<\/p>\n","protected":false},"author":39,"featured_media":253997,"comment_status":"closed","ping_status":"closed","sticky":false,"template":"","format":"standard","meta":{"footnotes":""},"categories":[597,456,20724,7541],"tags":[20889,20688,20998],"class_list":["post-253996","post","type-post","status-publish","format-standard","has-post-thumbnail","","category-cinta-de-noticias","category-arabe-internacional-politica","category-minuto-a-minuto","category-ultimas-noticias","tag-fuerzas-ucranianas","tag-lugansk","tag-referendum"],"_links":{"self":[{"href":"https:\/\/archive.sana.sy\/es\/index.php?rest_route=\/wp\/v2\/posts\/253996"}],"collection":[{"href":"https:\/\/archive.sana.sy\/es\/index.php?rest_route=\/wp\/v2\/posts"}],"about":[{"href":"https:\/\/archive.sana.sy\/es\/index.php?rest_route=\/wp\/v2\/types\/post"}],"author":[{"embeddable":true,"href":"https:\/\/archive.sana.sy\/es\/index.php?rest_route=\/wp\/v2\/users\/39"}],"replies":[{"embeddable":true,"href":"https:\/\/archive.sana.sy\/es\/index.php?rest_route=%2Fwp%2Fv2%2Fcomments&post=253996"}],"version-history":[{"count":0,"href":"https:\/\/archive.sana.sy\/es\/index.php?rest_route=\/wp\/v2\/posts\/253996\/revisions"}],"wp:featuredmedia":[{"embeddable":true,"href":"https:\/\/archive.sana.sy\/es\/index.php?rest_route=\/wp\/v2\/media\/253997"}],"wp:attachment":[{"href":"https:\/\/archive.sana.sy\/es\/index.php?rest_route=%2Fwp%2Fv2%2Fmedia&parent=253996"}],"wp:term":[{"taxonomy":"category","embeddable":true,"href":"https:\/\/archive.sana.sy\/es\/index.php?rest_route=%2Fwp%2Fv2%2Fcategories&post=253996"},{"taxonomy":"post_tag","embeddable":true,"href":"https:\/\/archive.sana.sy\/es\/index.php?rest_route=%2Fwp%2Fv2%2Ftags&post=253996"}],"curies":[{"name":"wp","href":"https:\/\/api.w.org\/{rel}","templated":true}]}}