{"id":25400,"date":"2015-06-21T17:32:03","date_gmt":"2015-06-21T14:32:03","guid":{"rendered":"http:\/\/sana.sy\/es\/?p=25400"},"modified":"2015-06-21T17:32:03","modified_gmt":"2015-06-21T14:32:03","slug":"parlamento-debate-el-proyecto-de-ley-que-abarca-la-ley-de-comercio-interior-y-proteccion-del-consumidor","status":"publish","type":"post","link":"https:\/\/archive.sana.sy\/es\/?p=25400","title":{"rendered":"Parlamento debate el proyecto de ley que abarca la ley de Comercio Interior y Protecci\u00f3n del Consumidor"},"content":{"rendered":"<p><span style=\"color: #800000\">Damasco, SANA<\/span><\/p>\n<p>La Asamblea del Pueblo debati\u00f3 este domingo un proyecto de ley que incluye la ley de Comercio Interior y la Protecci\u00f3n del Consumidor.<\/p>\n<p>La ley tiene por objetivo satisfacer las necesidades de los consumidores de los diferentes productos y servicios, garantizar la seguridad y sanidad del consumidor al usar el producto o recibir el servicio.<\/p>\n<p>Asimismo busca sensibilizar a los consumidores sobre sus derechos y responsabilidades econ\u00f3micas y orientarles en materia de consumo.<\/p>\n<p>Durante la sesi\u00f3n, varios diputados pidieron la revisi\u00f3n de las pol\u00edticas econ\u00f3micas adoptadas por los gobiernos anteriores.<\/p>\n<p>Asimismo exigieron aumentar el n\u00famero de supervisores de los mercados para evitar que los comerciantes manipulen los precios de los productos.<\/p>\n<p>&nbsp;<\/p>\n<p>Lynn A., Riyad Sh.<\/p>\n","protected":false},"excerpt":{"rendered":"<p>Damasco, SANA La Asamblea del Pueblo debati\u00f3 este domingo un proyecto de ley que incluye la ley de Comercio Interior y la Protecci\u00f3n del Consumidor. La ley tiene por objetivo satisfacer las necesidades de los consumidores de los diferentes productos y servicios, garantizar la seguridad y sanidad del consumidor al usar el producto o recibir &hellip;<\/p>\n","protected":false},"author":24,"featured_media":25401,"comment_status":"closed","ping_status":"closed","sticky":false,"template":"","format":"standard","meta":{"footnotes":""},"categories":[477,476],"tags":[5712],"class_list":["post-25400","post","type-post","status-publish","format-standard","has-post-thumbnail","","category-noticias-edulcorantes","category-locales","tag-parlamento-debate-el-proyecto-de-ley-que-abarca-la-ley-de-comercio-interior-y-proteccion-del-consumidor"],"_links":{"self":[{"href":"https:\/\/archive.sana.sy\/es\/index.php?rest_route=\/wp\/v2\/posts\/25400"}],"collection":[{"href":"https:\/\/archive.sana.sy\/es\/index.php?rest_route=\/wp\/v2\/posts"}],"about":[{"href":"https:\/\/archive.sana.sy\/es\/index.php?rest_route=\/wp\/v2\/types\/post"}],"author":[{"embeddable":true,"href":"https:\/\/archive.sana.sy\/es\/index.php?rest_route=\/wp\/v2\/users\/24"}],"replies":[{"embeddable":true,"href":"https:\/\/archive.sana.sy\/es\/index.php?rest_route=%2Fwp%2Fv2%2Fcomments&post=25400"}],"version-history":[{"count":0,"href":"https:\/\/archive.sana.sy\/es\/index.php?rest_route=\/wp\/v2\/posts\/25400\/revisions"}],"wp:featuredmedia":[{"embeddable":true,"href":"https:\/\/archive.sana.sy\/es\/index.php?rest_route=\/wp\/v2\/media\/25401"}],"wp:attachment":[{"href":"https:\/\/archive.sana.sy\/es\/index.php?rest_route=%2Fwp%2Fv2%2Fmedia&parent=25400"}],"wp:term":[{"taxonomy":"category","embeddable":true,"href":"https:\/\/archive.sana.sy\/es\/index.php?rest_route=%2Fwp%2Fv2%2Fcategories&post=25400"},{"taxonomy":"post_tag","embeddable":true,"href":"https:\/\/archive.sana.sy\/es\/index.php?rest_route=%2Fwp%2Fv2%2Ftags&post=25400"}],"curies":[{"name":"wp","href":"https:\/\/api.w.org\/{rel}","templated":true}]}}