{"id":25404,"date":"2015-06-21T18:50:28","date_gmt":"2015-06-21T15:50:28","guid":{"rendered":"http:\/\/sana.sy\/es\/?p=25404"},"modified":"2015-06-21T18:51:25","modified_gmt":"2015-06-21T15:51:25","slug":"siria-e-iran-examinan-cooperacion-antiterrorista","status":"publish","type":"post","link":"https:\/\/archive.sana.sy\/es\/?p=25404","title":{"rendered":"Siria e Ir\u00e1n examinan cooperaci\u00f3n antiterrorista"},"content":{"rendered":"<p>Teher\u00e1n-SANA<\/p>\n<p>El ministro del Interior, el Mayor General Mohmad Shaar, ha comenzado una visita oficial de dos d\u00edas a la Rep\u00fablica Isl\u00e1mica de Ir\u00e1n a fin de promover las relaciones bilaterales, efectuar consultas y fortalecer la cooperaci\u00f3n y coordinaci\u00f3n en materia de la lucha contra el terrorismo, el crimen organizado y la inmigraci\u00f3n ilegal.<\/p>\n<p>El Ministro del Interior destac\u00f3 la importancia de fortalecer la cooperaci\u00f3n y coordinaci\u00f3n entre Siria e Ir\u00e1n para hacer frente a los desaf\u00edos y peligros que amenazan la regi\u00f3n, sobre todo la amenaza del terrorismo y el tr\u00e1nsito de terroristas.<\/p>\n<p>Yamil K.<\/p>\n","protected":false},"excerpt":{"rendered":"<p>Teher\u00e1n-SANA El ministro del Interior, el Mayor General Mohmad Shaar, ha comenzado una visita oficial de dos d\u00edas a la Rep\u00fablica Isl\u00e1mica de Ir\u00e1n a fin de promover las relaciones bilaterales, efectuar consultas y fortalecer la cooperaci\u00f3n y coordinaci\u00f3n en materia de la lucha contra el terrorismo, el crimen organizado y la inmigraci\u00f3n ilegal. El &hellip;<\/p>\n","protected":false},"author":1,"featured_media":25405,"comment_status":"closed","ping_status":"closed","sticky":false,"template":"","format":"standard","meta":{"footnotes":""},"categories":[456,457,576],"tags":[],"class_list":["post-25404","post","type-post","status-publish","format-standard","has-post-thumbnail","","category-arabe-internacional-politica","category-noticias-arabe-internacional-politica","category-noticias-politicas"],"_links":{"self":[{"href":"https:\/\/archive.sana.sy\/es\/index.php?rest_route=\/wp\/v2\/posts\/25404"}],"collection":[{"href":"https:\/\/archive.sana.sy\/es\/index.php?rest_route=\/wp\/v2\/posts"}],"about":[{"href":"https:\/\/archive.sana.sy\/es\/index.php?rest_route=\/wp\/v2\/types\/post"}],"author":[{"embeddable":true,"href":"https:\/\/archive.sana.sy\/es\/index.php?rest_route=\/wp\/v2\/users\/1"}],"replies":[{"embeddable":true,"href":"https:\/\/archive.sana.sy\/es\/index.php?rest_route=%2Fwp%2Fv2%2Fcomments&post=25404"}],"version-history":[{"count":0,"href":"https:\/\/archive.sana.sy\/es\/index.php?rest_route=\/wp\/v2\/posts\/25404\/revisions"}],"wp:featuredmedia":[{"embeddable":true,"href":"https:\/\/archive.sana.sy\/es\/index.php?rest_route=\/wp\/v2\/media\/25405"}],"wp:attachment":[{"href":"https:\/\/archive.sana.sy\/es\/index.php?rest_route=%2Fwp%2Fv2%2Fmedia&parent=25404"}],"wp:term":[{"taxonomy":"category","embeddable":true,"href":"https:\/\/archive.sana.sy\/es\/index.php?rest_route=%2Fwp%2Fv2%2Fcategories&post=25404"},{"taxonomy":"post_tag","embeddable":true,"href":"https:\/\/archive.sana.sy\/es\/index.php?rest_route=%2Fwp%2Fv2%2Ftags&post=25404"}],"curies":[{"name":"wp","href":"https:\/\/api.w.org\/{rel}","templated":true}]}}