{"id":254055,"date":"2022-09-23T21:49:38","date_gmt":"2022-09-23T18:49:38","guid":{"rendered":"http:\/\/107.6.182.27\/es\/?p=254055"},"modified":"2022-09-24T08:10:34","modified_gmt":"2022-09-24T05:10:34","slug":"la-cooperacion-multilateral-es-el-camino-para-superar-los-desafios-globales-afirma-al-mekdad-ante-el-grupo-de-los-77-y-china","status":"publish","type":"post","link":"https:\/\/archive.sana.sy\/es\/?p=254055","title":{"rendered":"La cooperaci\u00f3n multilateral es el camino para superar los desaf\u00edos globales, afirma al-Mekdad ante el Grupo de los 77 y China"},"content":{"rendered":"<p style=\"text-align: justify;\"><span style=\"color: #800000;\"><strong>Nueva York, 23 sep (SANA)\u00a0<\/strong><\/span> El ministro de Asuntos Exteriores y Expatriados, Faisal al-Mekdad, afirm\u00f3 que la cooperaci\u00f3n multilateral es el camino para superar los desaf\u00edos globales y garantizar el alcance de los objetivos de desarrollo sostenible y fortalecer la asociaci\u00f3n para el desarrollo.<\/p>\n<p style=\"text-align: justify;\">Esta postura del Canciller fue manifestada en un discurso pronunciado durante la 46\u00aa reuni\u00f3n ministerial del Grupo de los 77 y China, que se celebr\u00f3 en el marco del 77\u00ba periodo de sesiones de la Asamblea General de las Naciones Unidas.<\/p>\n<p style=\"text-align: justify;\">Al-Mekdad elogi\u00f3 el continuo apoyo del Grupo a Siria, incluida la presentaci\u00f3n del proyecto de resoluci\u00f3n anual sobre la soberan\u00eda permanente de los pueblos sirio y palestino sobre sus recursos naturales, y su postura firme sobre la cuesti\u00f3n palestina y el Gol\u00e1n sirio ocupado, as\u00ed como su rechazo a las medidas coercitivas unilaterales que socavan los esfuerzos de alcanzar el desarrollo y la prosperidad.<\/p>\n<p style=\"text-align: justify;\">Reafirm\u00f3 que Siria continuar\u00e1 su lucha contra el terrorismo y por liberar sus tierras de la ocupaci\u00f3n, y seguir\u00e1 enfrentando las medidas coercitivas que equivalen a terrorismo econ\u00f3mico.<\/p>\n<p style=\"text-align: justify;\"><img loading=\"lazy\" decoding=\"async\" class=\"size-medium wp-image-254056 alignleft\" src=\"http:\/\/107.6.182.27\/es\/wp-content\/uploads\/2022\/09\/photo_2022-09-23_21-04-33-scaled-1-300x225.jpg\" alt=\"\" width=\"300\" height=\"225\" srcset=\"https:\/\/archive.sana.sy\/es\/wp-content\/uploads\/2022\/09\/photo_2022-09-23_21-04-33-scaled-1-300x225.jpg 300w, https:\/\/archive.sana.sy\/es\/wp-content\/uploads\/2022\/09\/photo_2022-09-23_21-04-33-scaled-1-1024x768.jpg 1024w, https:\/\/archive.sana.sy\/es\/wp-content\/uploads\/2022\/09\/photo_2022-09-23_21-04-33-scaled-1-150x113.jpg 150w, https:\/\/archive.sana.sy\/es\/wp-content\/uploads\/2022\/09\/photo_2022-09-23_21-04-33-scaled-1-768x576.jpg 768w, https:\/\/archive.sana.sy\/es\/wp-content\/uploads\/2022\/09\/photo_2022-09-23_21-04-33-scaled-1-1536x1152.jpg 1536w, https:\/\/archive.sana.sy\/es\/wp-content\/uploads\/2022\/09\/photo_2022-09-23_21-04-33-scaled-1-2048x1536.jpg 2048w\" sizes=\"(max-width: 300px) 100vw, 300px\" \/>El Ministro esper\u00f3 que los estados miembros del Grupo contin\u00faen apoyando los esfuerzos del estado sirio en la reconstrucci\u00f3n y el regreso a el camino del desarrollo.<\/p>\n<p style=\"text-align: justify;\">Por otro lado, el Ministro al-Mekdad se reuni\u00f3 con Miguel \u00c1ngel Moratinos, alto representante de Naciones Unidas para la Alianza de Civilizaciones, donde trataron los esfuerzos internacionales para promover el esp\u00edritu de di\u00e1logo y entendimiento, los valores de tolerancia y paz entre culturas y civilizaciones, enfrentar el discurso del odio y combatir el terrorismo del que sufren los pa\u00edses del mundo.<\/p>\n<p style=\"text-align: justify;\">Moratinos record\u00f3 la posici\u00f3n hist\u00f3rica de Siria, cuna de civilizaciones, y ejemplo de tolerancia, convivencia y apertura.<\/p>\n<p style=\"text-align: justify;\">Asimismo, invit\u00f3 al al-Mekdad para asistir al IX Foro Global de la Alianza de Civilizaciones de Naciones Unidas, que se celebrar\u00e1 los d\u00edas 22 y 23 de noviembre pr\u00f3ximo.<\/p>\n<p style=\"text-align: justify;\">fm<\/p>\n<p style=\"text-align: justify;\">\n","protected":false},"excerpt":{"rendered":"<p>Nueva York, 23 sep (SANA)\u00a0 El ministro de Asuntos Exteriores y Expatriados, Faisal al-Mekdad, afirm\u00f3 que la cooperaci\u00f3n multilateral es el camino para superar los desaf\u00edos globales y garantizar el alcance de los objetivos de desarrollo sostenible y fortalecer la asociaci\u00f3n para el desarrollo. Esta postura del Canciller fue manifestada en un discurso pronunciado durante &hellip;<\/p>\n","protected":false},"author":34,"featured_media":254057,"comment_status":"closed","ping_status":"closed","sticky":false,"template":"","format":"standard","meta":{"footnotes":""},"categories":[477,597,20724,467,583],"tags":[],"class_list":["post-254055","post","type-post","status-publish","format-standard","has-post-thumbnail","","category-noticias-edulcorantes","category-cinta-de-noticias","category-minuto-a-minuto","category-siria-y-el-mundo","category-slide"],"_links":{"self":[{"href":"https:\/\/archive.sana.sy\/es\/index.php?rest_route=\/wp\/v2\/posts\/254055"}],"collection":[{"href":"https:\/\/archive.sana.sy\/es\/index.php?rest_route=\/wp\/v2\/posts"}],"about":[{"href":"https:\/\/archive.sana.sy\/es\/index.php?rest_route=\/wp\/v2\/types\/post"}],"author":[{"embeddable":true,"href":"https:\/\/archive.sana.sy\/es\/index.php?rest_route=\/wp\/v2\/users\/34"}],"replies":[{"embeddable":true,"href":"https:\/\/archive.sana.sy\/es\/index.php?rest_route=%2Fwp%2Fv2%2Fcomments&post=254055"}],"version-history":[{"count":0,"href":"https:\/\/archive.sana.sy\/es\/index.php?rest_route=\/wp\/v2\/posts\/254055\/revisions"}],"wp:featuredmedia":[{"embeddable":true,"href":"https:\/\/archive.sana.sy\/es\/index.php?rest_route=\/wp\/v2\/media\/254057"}],"wp:attachment":[{"href":"https:\/\/archive.sana.sy\/es\/index.php?rest_route=%2Fwp%2Fv2%2Fmedia&parent=254055"}],"wp:term":[{"taxonomy":"category","embeddable":true,"href":"https:\/\/archive.sana.sy\/es\/index.php?rest_route=%2Fwp%2Fv2%2Fcategories&post=254055"},{"taxonomy":"post_tag","embeddable":true,"href":"https:\/\/archive.sana.sy\/es\/index.php?rest_route=%2Fwp%2Fv2%2Ftags&post=254055"}],"curies":[{"name":"wp","href":"https:\/\/api.w.org\/{rel}","templated":true}]}}