{"id":254217,"date":"2022-09-25T19:30:01","date_gmt":"2022-09-25T16:30:01","guid":{"rendered":"http:\/\/107.6.182.27\/es\/?p=254217"},"modified":"2022-09-25T19:40:03","modified_gmt":"2022-09-25T16:40:03","slug":"cancilleres-de-siria-e-iran-intensificar-coordinacion-y-consultas-para-confrontar-las-politicas-occidentales-hostiles","status":"publish","type":"post","link":"https:\/\/archive.sana.sy\/es\/?p=254217","title":{"rendered":"Cancilleres de Siria e Ir\u00e1n: intensificar coordinaci\u00f3n y consultas para confrontar las pol\u00edticas occidentales hostiles"},"content":{"rendered":"<p style=\"text-align: justify;\"><span style=\"color: #800000;\"><strong>Nueva York, 25 sep (SANA)<\/strong>\u00a0<\/span> El ministro de Asuntos Exteriores y Expatriados, Faisal al-Mekdad, repas\u00f3 con su hom\u00f3logo iran\u00ed, Hussein Amir Abdollahian, los \u00faltimos acontecimientos en la regi\u00f3n y una serie de aspectos relativos a los v\u00ednculos bilaterales y las formas de desarrollarlos en todos los campos.<\/p>\n<p style=\"text-align: justify;\"><img loading=\"lazy\" decoding=\"async\" class=\"size-medium wp-image-254219 alignright\" src=\"http:\/\/107.6.182.27\/es\/wp-content\/uploads\/2022\/09\/2-74-300x159.jpg\" alt=\"\" width=\"300\" height=\"159\" srcset=\"https:\/\/archive.sana.sy\/es\/wp-content\/uploads\/2022\/09\/2-74-300x159.jpg 300w, https:\/\/archive.sana.sy\/es\/wp-content\/uploads\/2022\/09\/2-74-150x79.jpg 150w, https:\/\/archive.sana.sy\/es\/wp-content\/uploads\/2022\/09\/2-74-310x165.jpg 310w, https:\/\/archive.sana.sy\/es\/wp-content\/uploads\/2022\/09\/2-74.jpg 660w\" sizes=\"(max-width: 300px) 100vw, 300px\" \/><\/p>\n<p style=\"text-align: justify;\">En una reuni\u00f3n sostenida en el marco del 77 periodo de sesiones de la Asamblea General de las Naciones Unidas, los dos ministros trataron el tema de los efectos negativos de las medidas coercitivas unilaterales impuestas a los dos pa\u00edses por parte de Estados Unidos y otros pa\u00edses occidentales.<\/p>\n<p style=\"text-align: justify;\">Calificaron de estrat\u00e9gicas, fuertes y excelentes las relaciones sirio-iran\u00edes, y que las mismas favorecen los intereses de los dos pueblos.<\/p>\n<p style=\"text-align: justify;\">Los dos cancilleres reafirmaron el alto nivel de coordinaci\u00f3n y consulta existente en varios campos y en foros internacionales, y destacaron la importancia de continuar esto para enfrentar las pol\u00edticas occidentales hostiles.<\/p>\n<p style=\"text-align: justify;\">Los dos ministros manifestaron su apoyo a la f\u00f3rmula de Astan\u00e1, que podr\u00eda contribuir a lograr m\u00e1s estabilidad y seguridad en Siria, y coincidieron en la necesidad de continuar la lucha contra el terrorismo en Siria hasta su erradicaci\u00f3n definitiva.<\/p>\n<p style=\"text-align: justify;\">Abdullahian reiter\u00f3 el continuo apoyo de su pa\u00eds a Siria pol\u00edtica y econ\u00f3micamente y en el campo de la lucha contra el terrorismo, mientras Al-Mekdad expres\u00f3 el apoyo de Siria a la posici\u00f3n iran\u00ed sobre el expediente nuclear y culp\u00f3 a Estados Unidos por su obstrucci\u00f3n.<\/p>\n<p style=\"text-align: justify;\"><span style=\"color: #800000;\"><strong>fm\/ws<\/strong><\/span><\/p>\n","protected":false},"excerpt":{"rendered":"<p>Nueva York, 25 sep (SANA)\u00a0 El ministro de Asuntos Exteriores y Expatriados, Faisal al-Mekdad, repas\u00f3 con su hom\u00f3logo iran\u00ed, Hussein Amir Abdollahian, los \u00faltimos acontecimientos en la regi\u00f3n y una serie de aspectos relativos a los v\u00ednculos bilaterales y las formas de desarrollarlos en todos los campos. En una reuni\u00f3n sostenida en el marco del &hellip;<\/p>\n","protected":false},"author":35,"featured_media":254218,"comment_status":"closed","ping_status":"closed","sticky":false,"template":"","format":"standard","meta":{"footnotes":""},"categories":[477,447,597,467,7541],"tags":[10734,11127,2866,8813,8799,6553],"class_list":["post-254217","post","type-post","status-publish","format-standard","has-post-thumbnail","","category-noticias-edulcorantes","category-local-politica","category-cinta-de-noticias","category-siria-y-el-mundo","category-ultimas-noticias","tag-abdollahian","tag-faisal-al-mekdad","tag-iran","tag-nueva-york","tag-onu","tag-siria"],"_links":{"self":[{"href":"https:\/\/archive.sana.sy\/es\/index.php?rest_route=\/wp\/v2\/posts\/254217"}],"collection":[{"href":"https:\/\/archive.sana.sy\/es\/index.php?rest_route=\/wp\/v2\/posts"}],"about":[{"href":"https:\/\/archive.sana.sy\/es\/index.php?rest_route=\/wp\/v2\/types\/post"}],"author":[{"embeddable":true,"href":"https:\/\/archive.sana.sy\/es\/index.php?rest_route=\/wp\/v2\/users\/35"}],"replies":[{"embeddable":true,"href":"https:\/\/archive.sana.sy\/es\/index.php?rest_route=%2Fwp%2Fv2%2Fcomments&post=254217"}],"version-history":[{"count":0,"href":"https:\/\/archive.sana.sy\/es\/index.php?rest_route=\/wp\/v2\/posts\/254217\/revisions"}],"wp:featuredmedia":[{"embeddable":true,"href":"https:\/\/archive.sana.sy\/es\/index.php?rest_route=\/wp\/v2\/media\/254218"}],"wp:attachment":[{"href":"https:\/\/archive.sana.sy\/es\/index.php?rest_route=%2Fwp%2Fv2%2Fmedia&parent=254217"}],"wp:term":[{"taxonomy":"category","embeddable":true,"href":"https:\/\/archive.sana.sy\/es\/index.php?rest_route=%2Fwp%2Fv2%2Fcategories&post=254217"},{"taxonomy":"post_tag","embeddable":true,"href":"https:\/\/archive.sana.sy\/es\/index.php?rest_route=%2Fwp%2Fv2%2Ftags&post=254217"}],"curies":[{"name":"wp","href":"https:\/\/api.w.org\/{rel}","templated":true}]}}