{"id":254337,"date":"2022-09-25T17:34:13","date_gmt":"2022-09-25T14:34:13","guid":{"rendered":"http:\/\/107.6.182.27\/es\/?p=254337"},"modified":"2023-01-10T15:52:40","modified_gmt":"2023-01-10T13:52:40","slug":"presidente-del-gobierno-de-espana-da-positivo-a-la-covid-19","status":"publish","type":"post","link":"https:\/\/archive.sana.sy\/es\/?p=254337","title":{"rendered":"Presidente del Gobierno de Espa\u00f1a da positivo a la Covid-19"},"content":{"rendered":"<p style=\"text-align: justify;\"><span style=\"color: #800000;\"><strong>Madrid, 25 sep (SANA)<\/strong><\/span>\u00a0 \u00a0 El presidente del Gobierno de Espa\u00f1a, Pedro S\u00e1nchez, inform\u00f3 en Twitter haber dado positivo en una prueba para la detecci\u00f3n de covid-19.<\/p>\n<p style=\"text-align: justify;\">&#8220;Continuar\u00e9 trabajando extremando las precauciones&#8221;, asegur\u00f3 S\u00e1nchez, quien se vio obligado a aplazar algunos encuentros previsto para esta jornada.<\/p>\n<p style=\"text-align: justify;\">fm\/ed<\/p>\n","protected":false},"excerpt":{"rendered":"<p>Madrid, 25 sep (SANA)\u00a0 \u00a0 El presidente del Gobierno de Espa\u00f1a, Pedro S\u00e1nchez, inform\u00f3 en Twitter haber dado positivo en una prueba para la detecci\u00f3n de covid-19. &#8220;Continuar\u00e9 trabajando extremando las precauciones&#8221;, asegur\u00f3 S\u00e1nchez, quien se vio obligado a aplazar algunos encuentros previsto para esta jornada. fm\/ed<\/p>\n","protected":false},"author":32,"featured_media":254338,"comment_status":"closed","ping_status":"closed","sticky":false,"template":"","format":"standard","meta":{"footnotes":""},"categories":[456,20724],"tags":[17660,19778,8599,21033],"class_list":["post-254337","post","type-post","status-publish","format-standard","has-post-thumbnail","","category-arabe-internacional-politica","category-minuto-a-minuto","tag-coronavirus","tag-covid","tag-espana","tag-positivo"],"_links":{"self":[{"href":"https:\/\/archive.sana.sy\/es\/index.php?rest_route=\/wp\/v2\/posts\/254337"}],"collection":[{"href":"https:\/\/archive.sana.sy\/es\/index.php?rest_route=\/wp\/v2\/posts"}],"about":[{"href":"https:\/\/archive.sana.sy\/es\/index.php?rest_route=\/wp\/v2\/types\/post"}],"author":[{"embeddable":true,"href":"https:\/\/archive.sana.sy\/es\/index.php?rest_route=\/wp\/v2\/users\/32"}],"replies":[{"embeddable":true,"href":"https:\/\/archive.sana.sy\/es\/index.php?rest_route=%2Fwp%2Fv2%2Fcomments&post=254337"}],"version-history":[{"count":0,"href":"https:\/\/archive.sana.sy\/es\/index.php?rest_route=\/wp\/v2\/posts\/254337\/revisions"}],"wp:featuredmedia":[{"embeddable":true,"href":"https:\/\/archive.sana.sy\/es\/index.php?rest_route=\/wp\/v2\/media\/254338"}],"wp:attachment":[{"href":"https:\/\/archive.sana.sy\/es\/index.php?rest_route=%2Fwp%2Fv2%2Fmedia&parent=254337"}],"wp:term":[{"taxonomy":"category","embeddable":true,"href":"https:\/\/archive.sana.sy\/es\/index.php?rest_route=%2Fwp%2Fv2%2Fcategories&post=254337"},{"taxonomy":"post_tag","embeddable":true,"href":"https:\/\/archive.sana.sy\/es\/index.php?rest_route=%2Fwp%2Fv2%2Ftags&post=254337"}],"curies":[{"name":"wp","href":"https:\/\/api.w.org\/{rel}","templated":true}]}}