{"id":25434,"date":"2015-06-22T19:23:50","date_gmt":"2015-06-22T16:23:50","guid":{"rendered":"http:\/\/sana.sy\/es\/?p=25434"},"modified":"2015-06-22T19:23:50","modified_gmt":"2015-06-22T16:23:50","slug":"asamblea-nacional-aprueba-algunos-articulos-del-proyecto-ley-sobre-comercio-interior","status":"publish","type":"post","link":"https:\/\/archive.sana.sy\/es\/?p=25434","title":{"rendered":"Asamblea Nacional aprueba algunos art\u00edculos del proyecto ley sobre comercio interior"},"content":{"rendered":"<p>Damasco-SANA<\/p>\n<p>La Asamblea Nacional en su sexta sesi\u00f3n, presidida por el Dr. Muhamad Yihad Al-Laham, presidente del parlamento, debate el proyecto ley sobre comercio interior y protecci\u00f3n del consumidor, aprobando varios art\u00edculos del primer cap\u00edtulo del proyecto ley referentes a las definiciones, objetivos, autoridades y responsabilidades del ministro.<\/p>\n<p>El proyecto ley en debate surge a ra\u00edz de la diversidad de los reglamentos que regulan el trabajo del ministerio de comercio interior y protecci\u00f3n del consumidor en lo referente a la supervisi\u00f3n y regulaci\u00f3n de los mercados con el fin de unificar todas las leyes en una sola ley que busca conservar los derechos de los ciudadanos y satisfacer sus necesidades b\u00e1sicas a precios asequibles y con la calidad adecuada. Asimismo la ley proyecta concienciar a los ciudadanos respecto de sus derechos y responsabilidades e impedir sean explotados por los comerciantes.<\/p>\n<p>El proyecto ley, estipula impedir que los comerciantes puedan ocultar las mercanc\u00edas y los productos, as\u00ed como impedir la difusi\u00f3n de anuncios falsificados sobre los productos e influir en los precios de forma ilegal y asegurar el abastecimiento del mercado con todos los productos y las necesidades de los ciudadanos.<\/p>\n<p>Yamil K.<\/p>\n","protected":false},"excerpt":{"rendered":"<p>Damasco-SANA La Asamblea Nacional en su sexta sesi\u00f3n, presidida por el Dr. Muhamad Yihad Al-Laham, presidente del parlamento, debate el proyecto ley sobre comercio interior y protecci\u00f3n del consumidor, aprobando varios art\u00edculos del primer cap\u00edtulo del proyecto ley referentes a las definiciones, objetivos, autoridades y responsabilidades del ministro. El proyecto ley en debate surge a &hellip;<\/p>\n","protected":false},"author":1,"featured_media":25437,"comment_status":"closed","ping_status":"closed","sticky":false,"template":"","format":"standard","meta":{"footnotes":""},"categories":[477,476],"tags":[],"class_list":["post-25434","post","type-post","status-publish","format-standard","has-post-thumbnail","","category-noticias-edulcorantes","category-locales"],"_links":{"self":[{"href":"https:\/\/archive.sana.sy\/es\/index.php?rest_route=\/wp\/v2\/posts\/25434"}],"collection":[{"href":"https:\/\/archive.sana.sy\/es\/index.php?rest_route=\/wp\/v2\/posts"}],"about":[{"href":"https:\/\/archive.sana.sy\/es\/index.php?rest_route=\/wp\/v2\/types\/post"}],"author":[{"embeddable":true,"href":"https:\/\/archive.sana.sy\/es\/index.php?rest_route=\/wp\/v2\/users\/1"}],"replies":[{"embeddable":true,"href":"https:\/\/archive.sana.sy\/es\/index.php?rest_route=%2Fwp%2Fv2%2Fcomments&post=25434"}],"version-history":[{"count":0,"href":"https:\/\/archive.sana.sy\/es\/index.php?rest_route=\/wp\/v2\/posts\/25434\/revisions"}],"wp:featuredmedia":[{"embeddable":true,"href":"https:\/\/archive.sana.sy\/es\/index.php?rest_route=\/wp\/v2\/media\/25437"}],"wp:attachment":[{"href":"https:\/\/archive.sana.sy\/es\/index.php?rest_route=%2Fwp%2Fv2%2Fmedia&parent=25434"}],"wp:term":[{"taxonomy":"category","embeddable":true,"href":"https:\/\/archive.sana.sy\/es\/index.php?rest_route=%2Fwp%2Fv2%2Fcategories&post=25434"},{"taxonomy":"post_tag","embeddable":true,"href":"https:\/\/archive.sana.sy\/es\/index.php?rest_route=%2Fwp%2Fv2%2Ftags&post=25434"}],"curies":[{"name":"wp","href":"https:\/\/api.w.org\/{rel}","templated":true}]}}