{"id":254343,"date":"2022-09-25T18:36:09","date_gmt":"2022-09-25T15:36:09","guid":{"rendered":"http:\/\/107.6.182.27\/es\/?p=254343"},"modified":"2023-01-10T15:52:40","modified_gmt":"2023-01-10T13:52:40","slug":"el-dolar-cobra-fuerza-e-incrementa-su-diferencial-ante-el-euro-en-los-pagos-internacionales","status":"publish","type":"post","link":"https:\/\/archive.sana.sy\/es\/?p=254343","title":{"rendered":"El d\u00f3lar cobra fuerza e incrementa su diferencial ante el euro en los pagos internacionales"},"content":{"rendered":"<blockquote>\n<p style=\"text-align: justify;\"><span style=\"color: #000000;\"><strong>Los datos del sistema interbancario SWIFT evidencian los problemas en la econom\u00eda de la UE.<\/strong><\/span><\/p>\n<\/blockquote>\n<p style=\"text-align: justify;\">\n<p style=\"text-align: justify;\"><span style=\"color: #800000;\"><strong>Mosc\u00fa, 25 sep (SANA)\u00a0<\/strong><\/span> \u00a0El uso del euro como medio de pago internacional en agosto logr\u00f3 su m\u00ednimo de 2 a\u00f1os, mientras que el d\u00f3lar alcanz\u00f3 su m\u00e1ximo en el mismo periodo, cit\u00f3 la cadena RT al informe del sistema interbancario SWIFT publicado el mi\u00e9rcoles \u00faltimo por Bloomberg.<\/p>\n<p style=\"text-align: justify;\">Seg\u00fan las estad\u00edsticas, para el 31 de agosto el porcentaje de la moneda europea en el comercio internacional se redujo hasta un 34,5%, mientras el del d\u00f3lar subi\u00f3 un 42,6%.<\/p>\n<p style=\"text-align: justify;\">Seg\u00fan Bloomberg, tal descenso en el uso del euro en los pagos internacionales pudo deberse a la inflaci\u00f3n r\u00e9cord, la crisis energ\u00e9tica y depreciaci\u00f3n del 12% de la moneda europea respecto al d\u00f3lar.<\/p>\n<p style=\"text-align: justify;\">No obstante, pese a todas las dificultades, el euro preserva el segundo lugar en la lista de divisas utilizadas en el comercio mundial.<\/p>\n<p style=\"text-align: justify;\">rr\/fm<\/p>\n","protected":false},"excerpt":{"rendered":"<p>Los datos del sistema interbancario SWIFT evidencian los problemas en la econom\u00eda de la UE. Mosc\u00fa, 25 sep (SANA)\u00a0 \u00a0El uso del euro como medio de pago internacional en agosto logr\u00f3 su m\u00ednimo de 2 a\u00f1os, mientras que el d\u00f3lar alcanz\u00f3 su m\u00e1ximo en el mismo periodo, cit\u00f3 la cadena RT al informe del sistema &hellip;<\/p>\n","protected":false},"author":31,"featured_media":254344,"comment_status":"closed","ping_status":"closed","sticky":false,"template":"","format":"standard","meta":{"footnotes":""},"categories":[456,20724],"tags":[20111,21037,21036,19758],"class_list":["post-254343","post","type-post","status-publish","format-standard","has-post-thumbnail","","category-arabe-internacional-politica","category-minuto-a-minuto","tag-dolar","tag-euro","tag-swift","tag-ue"],"_links":{"self":[{"href":"https:\/\/archive.sana.sy\/es\/index.php?rest_route=\/wp\/v2\/posts\/254343"}],"collection":[{"href":"https:\/\/archive.sana.sy\/es\/index.php?rest_route=\/wp\/v2\/posts"}],"about":[{"href":"https:\/\/archive.sana.sy\/es\/index.php?rest_route=\/wp\/v2\/types\/post"}],"author":[{"embeddable":true,"href":"https:\/\/archive.sana.sy\/es\/index.php?rest_route=\/wp\/v2\/users\/31"}],"replies":[{"embeddable":true,"href":"https:\/\/archive.sana.sy\/es\/index.php?rest_route=%2Fwp%2Fv2%2Fcomments&post=254343"}],"version-history":[{"count":0,"href":"https:\/\/archive.sana.sy\/es\/index.php?rest_route=\/wp\/v2\/posts\/254343\/revisions"}],"wp:featuredmedia":[{"embeddable":true,"href":"https:\/\/archive.sana.sy\/es\/index.php?rest_route=\/wp\/v2\/media\/254344"}],"wp:attachment":[{"href":"https:\/\/archive.sana.sy\/es\/index.php?rest_route=%2Fwp%2Fv2%2Fmedia&parent=254343"}],"wp:term":[{"taxonomy":"category","embeddable":true,"href":"https:\/\/archive.sana.sy\/es\/index.php?rest_route=%2Fwp%2Fv2%2Fcategories&post=254343"},{"taxonomy":"post_tag","embeddable":true,"href":"https:\/\/archive.sana.sy\/es\/index.php?rest_route=%2Fwp%2Fv2%2Ftags&post=254343"}],"curies":[{"name":"wp","href":"https:\/\/api.w.org\/{rel}","templated":true}]}}