{"id":254359,"date":"2022-09-25T20:17:27","date_gmt":"2022-09-25T17:17:27","guid":{"rendered":"http:\/\/107.6.182.27\/es\/?p=254359"},"modified":"2023-01-10T15:52:40","modified_gmt":"2023-01-10T13:52:40","slug":"millones-de-iranies-a-las-calles-en-defensa-de-la-paz-y-para-condenar-los-recientes-disturbios-promovidos-desde-el-exterior","status":"publish","type":"post","link":"https:\/\/archive.sana.sy\/es\/?p=254359","title":{"rendered":"Millones de iran\u00edes a las calles en defensa de la paz y para condenar los recientes disturbios promovidos desde el exterior"},"content":{"rendered":"<p style=\"text-align: justify;\"><span style=\"color: #800000;\"><strong>Teher\u00e1n, 25 sep (SANA)\u00a0<\/strong><\/span> \u00a0Millones de iran\u00edes salieron a las calles hoy, con masivas demostraciones de apoyo al gobierno, por la paz y en contra de actos vand\u00e1licos acontecidos durante las \u00faltimas jornadas y promovidos desde el exterior.<\/p>\n<p style=\"text-align: justify;\">Decenas de ciudades iran\u00edes\u2014como Teher\u00e1n (la capital), Qom, Qazvin, Bandar Ab\u00e1s, Ahvaz, Hamedan, Kermanshah, Isfahan y Shiraz\u2014 han sido escenario de multitudinarias marchas, en las que los iran\u00edes han expresado su apoyo al sistema gubernamental de la Rep\u00fablica Isl\u00e1mica reiternado su lealtad al el L\u00edder iran\u00ed, el ayatol\u00e1 Seyed Ali Jamenei, y los ideales de la revoluci\u00f3n, inform\u00f3 la televisi\u00f3n Hispan TV .<\/p>\n<p style=\"text-align: justify;\">Entre las consignas se escucharon \u201cMuerte a sediciosos\u201d, \u201cCastiguen a profanadores de s\u00edmbolos religiosos\u201d y \u201cNos quedaremos con la Revoluci\u00f3n hasta el \u00faltimo suspiro\u201d.<\/p>\n<p style=\"text-align: justify;\">Los disturbios, condenados por las fuerzas populares, se suscitaron tras la muerte de la joven Mahsa Amini de 22 a\u00f1os, tras permanecer durante varios d\u00edas en estado de coma.<\/p>\n<p style=\"text-align: justify;\">Esa chica se desplom\u00f3 mientras se encontraba en un sal\u00f3n de conferencias seg\u00fan un video, divulgado por las autoridades y captado por las c\u00e1maras de vigilancia, donde se aprecia cuando cae al suelo sin tener ning\u00fan contacto f\u00edsico con los agentes.<\/p>\n<p style=\"text-align: justify;\">Amini fue conducida a una comisar\u00eda en Teher\u00e1n por la Patrulla de Seguridad Social y Moral de la Polic\u00eda y deb\u00eda ser parte del auditorio en una charla sobre el uso adecuado de las prendas femeninas musulmanas.<\/p>\n<p style=\"text-align: justify;\">Tras el incidente, los altos responsables del pa\u00eds persa, ordenaron una investigaci\u00f3n \u201cminuciosa y urgente\u201d de lo ocurrido, incluso el presidente Raisi expres\u00f3 sus condolencias a los familiares y asegur\u00f3 que dar\u00e1 seguimiento al caso hasta que se aclaren todas sus dimensiones.<\/p>\n<p style=\"text-align: justify;\">fm\/rr<\/p>\n","protected":false},"excerpt":{"rendered":"<p>Teher\u00e1n, 25 sep (SANA)\u00a0 \u00a0Millones de iran\u00edes salieron a las calles hoy, con masivas demostraciones de apoyo al gobierno, por la paz y en contra de actos vand\u00e1licos acontecidos durante las \u00faltimas jornadas y promovidos desde el exterior. Decenas de ciudades iran\u00edes\u2014como Teher\u00e1n (la capital), Qom, Qazvin, Bandar Ab\u00e1s, Ahvaz, Hamedan, Kermanshah, Isfahan y Shiraz\u2014 &hellip;<\/p>\n","protected":false},"author":31,"featured_media":254360,"comment_status":"closed","ping_status":"closed","sticky":false,"template":"","format":"standard","meta":{"footnotes":""},"categories":[456],"tags":[2866,19966],"class_list":["post-254359","post","type-post","status-publish","format-standard","has-post-thumbnail","","category-arabe-internacional-politica","tag-iran","tag-teheran"],"_links":{"self":[{"href":"https:\/\/archive.sana.sy\/es\/index.php?rest_route=\/wp\/v2\/posts\/254359"}],"collection":[{"href":"https:\/\/archive.sana.sy\/es\/index.php?rest_route=\/wp\/v2\/posts"}],"about":[{"href":"https:\/\/archive.sana.sy\/es\/index.php?rest_route=\/wp\/v2\/types\/post"}],"author":[{"embeddable":true,"href":"https:\/\/archive.sana.sy\/es\/index.php?rest_route=\/wp\/v2\/users\/31"}],"replies":[{"embeddable":true,"href":"https:\/\/archive.sana.sy\/es\/index.php?rest_route=%2Fwp%2Fv2%2Fcomments&post=254359"}],"version-history":[{"count":0,"href":"https:\/\/archive.sana.sy\/es\/index.php?rest_route=\/wp\/v2\/posts\/254359\/revisions"}],"wp:featuredmedia":[{"embeddable":true,"href":"https:\/\/archive.sana.sy\/es\/index.php?rest_route=\/wp\/v2\/media\/254360"}],"wp:attachment":[{"href":"https:\/\/archive.sana.sy\/es\/index.php?rest_route=%2Fwp%2Fv2%2Fmedia&parent=254359"}],"wp:term":[{"taxonomy":"category","embeddable":true,"href":"https:\/\/archive.sana.sy\/es\/index.php?rest_route=%2Fwp%2Fv2%2Fcategories&post=254359"},{"taxonomy":"post_tag","embeddable":true,"href":"https:\/\/archive.sana.sy\/es\/index.php?rest_route=%2Fwp%2Fv2%2Ftags&post=254359"}],"curies":[{"name":"wp","href":"https:\/\/api.w.org\/{rel}","templated":true}]}}