{"id":254461,"date":"2022-09-26T16:37:54","date_gmt":"2022-09-26T13:37:54","guid":{"rendered":"http:\/\/107.6.182.27\/es\/?p=254461"},"modified":"2022-09-26T16:37:54","modified_gmt":"2022-09-26T13:37:54","slug":"siria-llama-a-construir-un-nuevo-orden-mundial-multipolar-y-asegura-que-la-politica-de-bloqueo-es-terrorismo-economico-no-menos-brutal-que-el-terrorismo-armado","status":"publish","type":"post","link":"https:\/\/archive.sana.sy\/es\/?p=254461","title":{"rendered":"Siria llama a construir un nuevo orden mundial multipolar, y asegura que la pol\u00edtica de bloqueo es terrorismo econ\u00f3mico no menos brutal que el terrorismo armado"},"content":{"rendered":"<p style=\"text-align: justify;\"><span style=\"color: #800000;\"><strong>Nueva York, 26 sep (SANA)<\/strong> <\/span>El Ministro de Asuntos Exteriores, Faisal al-Mekdad, pronunci\u00f3 las palabras de Siria ante el 77\u00ba periodo de sesiones de la Asamblea General de las Naciones Unidas.<\/p>\n<p style=\"text-align: justify;\">El Canciller sirio dijo que la insistencia de determinados pa\u00edses en imponer su hegemon\u00eda sobre otros y saquear sus riquezas aumenta las guerras y las amenazas a la paz y la seguridad internacionales, propaga el terrorismo y el caos, y pone en peligro la econom\u00eda mundial y la seguridad alimentaria.<\/p>\n<p style=\"text-align: justify;\">\u201cLas sanciones impuestas a ciertos pa\u00edses son herramientas de asesinato y castigo colectivo contra los pueblos que defienden su pa\u00eds, su soberan\u00eda y su ej\u00e9rcito, y lo que hicieron con Siria es la mejor prueba\u201d, afirm\u00f3 el jefe de la diplomacia siria.<\/p>\n<p style=\"text-align: justify;\">El Ministro llam\u00f3 a la construcci\u00f3n de un nuevo orden mundial multipolar en el que todos trabajan bajo el paraguas de la Carta de las Naciones Unidas<br \/>\n\u201c La guerra contra Siria es parte de los intentos de Occidente de mantener su dominaci\u00f3n y hegemon\u00eda sobre el mundo\u201d, precis\u00f3.<\/p>\n<p style=\"text-align: justify;\">Asimismo, denunci\u00f3 que &#8220;Israel&#8221; perpetra las violaciones m\u00e1s atroces en el Gol\u00e1n sirio ocupado, incluida la expansi\u00f3n de colonias, el cambio de la situaci\u00f3n demogr\u00e1fica, el saqueo de los recursos naturales, el apoyo continuo a las organizaciones terroristas y la perpetraci\u00f3n de repetidos ataques contra el territorio sirio, lo que amenaza la paz y la seguridad en la regi\u00f3n y el mundo.<\/p>\n<p style=\"text-align: justify;\">Agreg\u00f3 que el Gol\u00e1n sirio ocupado est\u00e1 en el coraz\u00f3n de cada sirio. \u201cTenemos el derecho de recuperarlo por completo, hasta la l\u00ednea del 4 de junio de 1967, y esto no est\u00e1 sujeto a negociaci\u00f3n\u201d, afirm\u00f3.<\/p>\n<p style=\"text-align: justify;\">Consider\u00f3 que cualquier presencia militar ilegal en territorio sirio es contraria al derecho internacional y la Carta de las Naciones Unidas, y debe terminar de inmediato y sin condiciones.<\/p>\n<p style=\"text-align: justify;\">En cuando a las milicias armadas ilegales, al-Mekdad dijo que las milicias separatistas que viven bajo el influjo de las ilusiones que tejen sus patrocinadores deben dejar de depender del ocupante extranjero, que no defiende su patria.<\/p>\n<p style=\"text-align: justify;\">Atribuy\u00f3 el sufrimiento del pueblo sirio al terrorismo, las medidas coercitivas occidentales y el saqueo de los ocupantes estadounidense y turco de las riquezas de Siria.<\/p>\n<p style=\"text-align: justify;\">Asimismo, denunci\u00f3 que la implementaci\u00f3n de proyectos de recuperaci\u00f3n temprana no puede llevarse a cabo debido a la insistencia de Occidente a politizar el trabajo humanitario y de desarrollo en Siria y su insistencia de poner obst\u00e1culos ante esto.<\/p>\n<p style=\"text-align: justify;\">El canciller sirio exige el levantamiento de las medidas coercitivas impuestas por Occidente sobre su pa\u00eds y otros varios pa\u00edses y las consider\u00f3 un terrorismo econ\u00f3mico no menos brutal y peligroso que el terrorismo armado.<\/p>\n","protected":false},"excerpt":{"rendered":"<p>Nueva York, 26 sep (SANA) El Ministro de Asuntos Exteriores, Faisal al-Mekdad, pronunci\u00f3 las palabras de Siria ante el 77\u00ba periodo de sesiones de la Asamblea General de las Naciones Unidas. El Canciller sirio dijo que la insistencia de determinados pa\u00edses en imponer su hegemon\u00eda sobre otros y saquear sus riquezas aumenta las guerras y &hellip;<\/p>\n","protected":false},"author":36,"featured_media":254456,"comment_status":"closed","ping_status":"closed","sticky":false,"template":"","format":"standard","meta":{"footnotes":""},"categories":[597,20724,467,583],"tags":[11127,21046],"class_list":["post-254461","post","type-post","status-publish","format-standard","has-post-thumbnail","","category-cinta-de-noticias","category-minuto-a-minuto","category-siria-y-el-mundo","category-slide","tag-faisal-al-mekdad","tag-ministro-de-asuntos-exteriores"],"_links":{"self":[{"href":"https:\/\/archive.sana.sy\/es\/index.php?rest_route=\/wp\/v2\/posts\/254461"}],"collection":[{"href":"https:\/\/archive.sana.sy\/es\/index.php?rest_route=\/wp\/v2\/posts"}],"about":[{"href":"https:\/\/archive.sana.sy\/es\/index.php?rest_route=\/wp\/v2\/types\/post"}],"author":[{"embeddable":true,"href":"https:\/\/archive.sana.sy\/es\/index.php?rest_route=\/wp\/v2\/users\/36"}],"replies":[{"embeddable":true,"href":"https:\/\/archive.sana.sy\/es\/index.php?rest_route=%2Fwp%2Fv2%2Fcomments&post=254461"}],"version-history":[{"count":0,"href":"https:\/\/archive.sana.sy\/es\/index.php?rest_route=\/wp\/v2\/posts\/254461\/revisions"}],"wp:featuredmedia":[{"embeddable":true,"href":"https:\/\/archive.sana.sy\/es\/index.php?rest_route=\/wp\/v2\/media\/254456"}],"wp:attachment":[{"href":"https:\/\/archive.sana.sy\/es\/index.php?rest_route=%2Fwp%2Fv2%2Fmedia&parent=254461"}],"wp:term":[{"taxonomy":"category","embeddable":true,"href":"https:\/\/archive.sana.sy\/es\/index.php?rest_route=%2Fwp%2Fv2%2Fcategories&post=254461"},{"taxonomy":"post_tag","embeddable":true,"href":"https:\/\/archive.sana.sy\/es\/index.php?rest_route=%2Fwp%2Fv2%2Ftags&post=254461"}],"curies":[{"name":"wp","href":"https:\/\/api.w.org\/{rel}","templated":true}]}}