{"id":254464,"date":"2022-09-26T17:23:32","date_gmt":"2022-09-26T14:23:32","guid":{"rendered":"http:\/\/107.6.182.27\/es\/?p=254464"},"modified":"2022-09-26T17:23:32","modified_gmt":"2022-09-26T14:23:32","slug":"conversaciones-sirio-iranies-para-fortalecer-lazos-culturales","status":"publish","type":"post","link":"https:\/\/archive.sana.sy\/es\/?p=254464","title":{"rendered":"Conversaciones sirio-iran\u00edes para fortalecer lazos culturales"},"content":{"rendered":"<p style=\"text-align: justify;\"><span style=\"color: #800000;\"><strong>Damasco, 26 sep (SANA)<\/strong> <\/span>La ministra de Cultura de Siria, Lubana Mushouh, examin\u00f3 en la capital iran\u00ed, Teher\u00e1n, con el director de la Asociaci\u00f3n de Cultura y Relaciones Isl\u00e1micas de Ir\u00e1n, Muhammad Mahdi Imanipour, las formas de desarrollar las relaciones culturales entre los dos pa\u00edses.<\/p>\n<p style=\"text-align: justify;\">La Ministra siria se\u00f1al\u00f3 la importancia de fortalecer los v\u00ednculos culturales, ampliar sus perspectivas y elevarlos al nivel de las relaciones pol\u00edticas, y expres\u00f3 el deseo del Ministerio de Cultura de cooperar con la parte iran\u00ed en el campo del cine y beneficiarse de la experiencia cinematogr\u00e1fica iran\u00ed en este \u00e1mbito.<\/p>\n<p style=\"text-align: justify;\">Por su parte, el titular iran\u00ed destac\u00f3 la importancia de las relaciones ambas partes, y explic\u00f3 que el lanzamiento de la Semana Cultural Iran\u00ed en Siria constituir\u00e1 una ventana a trav\u00e9s de la cual el pueblo sirio reconocer\u00e1 la cultura y civilizaci\u00f3n de Ir\u00e1n, destacando la disposici\u00f3n de la parte iran\u00ed para desarrollar relaciones con Siria en todos los campos a culturales.<\/p>\n<p style=\"text-align: justify;\">Ambas partes coincidieron en la necesidad de reconsiderar y desarrollar los t\u00e9rminos del memor\u00e1ndum de entendimiento firmado entre los dos pa\u00edses en el campo cultural, asimismo intercambiaron puntos de vista sobre el programa de la semana cultural iran\u00ed que se llevar\u00e1 a cabo en Damasco este mes, y la posibilidad de reabrir el Centro Cultural Sirio en Teher\u00e1n.<\/p>\n<p>mm<\/p>\n","protected":false},"excerpt":{"rendered":"<p>Damasco, 26 sep (SANA) La ministra de Cultura de Siria, Lubana Mushouh, examin\u00f3 en la capital iran\u00ed, Teher\u00e1n, con el director de la Asociaci\u00f3n de Cultura y Relaciones Isl\u00e1micas de Ir\u00e1n, Muhammad Mahdi Imanipour, las formas de desarrollar las relaciones culturales entre los dos pa\u00edses. La Ministra siria se\u00f1al\u00f3 la importancia de fortalecer los v\u00ednculos &hellip;<\/p>\n","protected":false},"author":36,"featured_media":254465,"comment_status":"closed","ping_status":"closed","sticky":false,"template":"","format":"standard","meta":{"footnotes":""},"categories":[597,510,20724,515,467],"tags":[21047],"class_list":["post-254464","post","type-post","status-publish","format-standard","has-post-thumbnail","","category-cinta-de-noticias","category-arte-y-cultura","category-minuto-a-minuto","category-noticias-arte-y-cultura","category-siria-y-el-mundo","tag-ministra-de-cultura-de-siria"],"_links":{"self":[{"href":"https:\/\/archive.sana.sy\/es\/index.php?rest_route=\/wp\/v2\/posts\/254464"}],"collection":[{"href":"https:\/\/archive.sana.sy\/es\/index.php?rest_route=\/wp\/v2\/posts"}],"about":[{"href":"https:\/\/archive.sana.sy\/es\/index.php?rest_route=\/wp\/v2\/types\/post"}],"author":[{"embeddable":true,"href":"https:\/\/archive.sana.sy\/es\/index.php?rest_route=\/wp\/v2\/users\/36"}],"replies":[{"embeddable":true,"href":"https:\/\/archive.sana.sy\/es\/index.php?rest_route=%2Fwp%2Fv2%2Fcomments&post=254464"}],"version-history":[{"count":0,"href":"https:\/\/archive.sana.sy\/es\/index.php?rest_route=\/wp\/v2\/posts\/254464\/revisions"}],"wp:featuredmedia":[{"embeddable":true,"href":"https:\/\/archive.sana.sy\/es\/index.php?rest_route=\/wp\/v2\/media\/254465"}],"wp:attachment":[{"href":"https:\/\/archive.sana.sy\/es\/index.php?rest_route=%2Fwp%2Fv2%2Fmedia&parent=254464"}],"wp:term":[{"taxonomy":"category","embeddable":true,"href":"https:\/\/archive.sana.sy\/es\/index.php?rest_route=%2Fwp%2Fv2%2Fcategories&post=254464"},{"taxonomy":"post_tag","embeddable":true,"href":"https:\/\/archive.sana.sy\/es\/index.php?rest_route=%2Fwp%2Fv2%2Ftags&post=254464"}],"curies":[{"name":"wp","href":"https:\/\/api.w.org\/{rel}","templated":true}]}}