{"id":254497,"date":"2022-09-26T19:32:19","date_gmt":"2022-09-26T16:32:19","guid":{"rendered":"http:\/\/107.6.182.27\/es\/?p=254497"},"modified":"2022-09-26T19:33:53","modified_gmt":"2022-09-26T16:33:53","slug":"libaneses-agradecen-esfuerzos-de-siria-en-recuperar-y-rescatar-a-sus-familiares-victimas-de-la-embarcacion-hundida","status":"publish","type":"post","link":"https:\/\/archive.sana.sy\/es\/?p=254497","title":{"rendered":"Libaneses agradecen esfuerzos de Siria en recuperar y rescatar a sus familiares v\u00edctimas de la embarcaci\u00f3n hundida"},"content":{"rendered":"<p style=\"text-align: justify;\"><span style=\"color: #800000;\"><strong>Tartous, 26 sep (SANA)<\/strong><\/span> Una delegaci\u00f3n de las Familias de la ciudad de Tr\u00edpoli y del norte del L\u00edbano agradeci\u00f3 al liderazgo y al pueblo sirios por los grandes esfuerzos realizados para recuperar cuerpos de las v\u00edctimas y rescatar a sobrevivientes del barco liban\u00e9s que se hundi\u00f3 frente a la costa de Tartous.<\/p>\n<p style=\"text-align: justify;\">En declaraciones a los periodistas, el jefe de la delegaci\u00f3n, Adnan Al-Omari, elogi\u00f3 la comunicaci\u00f3n y el seguimiento entre el liderazgo de ambos pa\u00edses, valor\u00f3 la participaci\u00f3n de barcos y helic\u00f3pteros militares en la b\u00fasqueda de sobrevivientes y agradeci\u00f3 al liderazgo sirio y la poblaci\u00f3n de la isla siria de Arwad por contribuci\u00f3n humanitaria.<\/p>\n<p style=\"text-align: justify;\">&#8220;Estamos muy tristes por las v\u00edctimas y sus familias, y ofrecemos nuestras condolencias a todos en el L\u00edbano y Siria&#8221;, agreg\u00f3.<\/p>\n<p style=\"text-align: justify;\">El n\u00famero de v\u00edctimas mortales por el hundimiento de un barco liban\u00e9s frente a la costa de la provincia costera siria de Tartous lleg\u00f3 a 99.<\/p>\n<p>&nbsp;<\/p>\n<p>mm\/am<\/p>\n<p style=\"text-align: justify;\">\n","protected":false},"excerpt":{"rendered":"<p>Tartous, 26 sep (SANA) Una delegaci\u00f3n de las Familias de la ciudad de Tr\u00edpoli y del norte del L\u00edbano agradeci\u00f3 al liderazgo y al pueblo sirios por los grandes esfuerzos realizados para recuperar cuerpos de las v\u00edctimas y rescatar a sobrevivientes del barco liban\u00e9s que se hundi\u00f3 frente a la costa de Tartous. En declaraciones &hellip;<\/p>\n","protected":false},"author":36,"featured_media":254498,"comment_status":"closed","ping_status":"closed","sticky":false,"template":"","format":"standard","meta":{"footnotes":""},"categories":[597,20724,467,7541],"tags":[21053],"class_list":["post-254497","post","type-post","status-publish","format-standard","has-post-thumbnail","","category-cinta-de-noticias","category-minuto-a-minuto","category-siria-y-el-mundo","category-ultimas-noticias","tag-embarcacion-hundida"],"_links":{"self":[{"href":"https:\/\/archive.sana.sy\/es\/index.php?rest_route=\/wp\/v2\/posts\/254497"}],"collection":[{"href":"https:\/\/archive.sana.sy\/es\/index.php?rest_route=\/wp\/v2\/posts"}],"about":[{"href":"https:\/\/archive.sana.sy\/es\/index.php?rest_route=\/wp\/v2\/types\/post"}],"author":[{"embeddable":true,"href":"https:\/\/archive.sana.sy\/es\/index.php?rest_route=\/wp\/v2\/users\/36"}],"replies":[{"embeddable":true,"href":"https:\/\/archive.sana.sy\/es\/index.php?rest_route=%2Fwp%2Fv2%2Fcomments&post=254497"}],"version-history":[{"count":0,"href":"https:\/\/archive.sana.sy\/es\/index.php?rest_route=\/wp\/v2\/posts\/254497\/revisions"}],"wp:featuredmedia":[{"embeddable":true,"href":"https:\/\/archive.sana.sy\/es\/index.php?rest_route=\/wp\/v2\/media\/254498"}],"wp:attachment":[{"href":"https:\/\/archive.sana.sy\/es\/index.php?rest_route=%2Fwp%2Fv2%2Fmedia&parent=254497"}],"wp:term":[{"taxonomy":"category","embeddable":true,"href":"https:\/\/archive.sana.sy\/es\/index.php?rest_route=%2Fwp%2Fv2%2Fcategories&post=254497"},{"taxonomy":"post_tag","embeddable":true,"href":"https:\/\/archive.sana.sy\/es\/index.php?rest_route=%2Fwp%2Fv2%2Ftags&post=254497"}],"curies":[{"name":"wp","href":"https:\/\/api.w.org\/{rel}","templated":true}]}}