{"id":254501,"date":"2022-09-26T20:24:41","date_gmt":"2022-09-26T17:24:41","guid":{"rendered":"http:\/\/107.6.182.27\/es\/?p=254501"},"modified":"2023-01-10T15:52:37","modified_gmt":"2023-01-10T13:52:37","slug":"pescadores-palestinos-siguen-siendo-blanco-de-agresiones-israelies","status":"publish","type":"post","link":"https:\/\/archive.sana.sy\/es\/?p=254501","title":{"rendered":"Pescadores palestinos siguen siendo blanco de agresiones israel\u00edes"},"content":{"rendered":"<p style=\"text-align: justify;\"><span style=\"color: #800000;\"><strong>Jerusal\u00e9n ocupada, 26 sep (SANA) <\/strong><\/span>La armada del ocupante israel\u00ed continu\u00f3 sus agresiones contra los pescadores palestinos frente a la costa de la asediada Franja de Gaza.<\/p>\n<p style=\"text-align: justify;\">Seg\u00fan divulg\u00f3 la agencia palestina de noticias MAAN, barcos de guerra israel\u00edes abrieron el fuego de sus ametralladoras contra los barcos de pescadores en el mar frente a la ciudad de Gaza, lo que les oblig\u00f3 a regresar a la costa.<\/p>\n<p style=\"text-align: justify;\">Esta ma\u00f1ana, las fuerzas del ocupante israel\u00ed desplegadas en las afueras del sur de Gaza dispararon con sus ametralladoras pesadas contra los agricultores de la localidad al-Fajari, al este de Khan Yunis, y los obligaron a abandonar sus tierras.<\/p>\n<p style=\"text-align: justify;\"><em><strong>ah\/fm<\/strong><\/em><\/p>\n","protected":false},"excerpt":{"rendered":"<p>Jerusal\u00e9n ocupada, 26 sep (SANA) La armada del ocupante israel\u00ed continu\u00f3 sus agresiones contra los pescadores palestinos frente a la costa de la asediada Franja de Gaza. Seg\u00fan divulg\u00f3 la agencia palestina de noticias MAAN, barcos de guerra israel\u00edes abrieron el fuego de sus ametralladoras contra los barcos de pescadores en el mar frente a &hellip;<\/p>\n","protected":false},"author":30,"featured_media":254502,"comment_status":"closed","ping_status":"closed","sticky":false,"template":"","format":"standard","meta":{"footnotes":""},"categories":[456,20724],"tags":[],"class_list":["post-254501","post","type-post","status-publish","format-standard","has-post-thumbnail","","category-arabe-internacional-politica","category-minuto-a-minuto"],"_links":{"self":[{"href":"https:\/\/archive.sana.sy\/es\/index.php?rest_route=\/wp\/v2\/posts\/254501"}],"collection":[{"href":"https:\/\/archive.sana.sy\/es\/index.php?rest_route=\/wp\/v2\/posts"}],"about":[{"href":"https:\/\/archive.sana.sy\/es\/index.php?rest_route=\/wp\/v2\/types\/post"}],"author":[{"embeddable":true,"href":"https:\/\/archive.sana.sy\/es\/index.php?rest_route=\/wp\/v2\/users\/30"}],"replies":[{"embeddable":true,"href":"https:\/\/archive.sana.sy\/es\/index.php?rest_route=%2Fwp%2Fv2%2Fcomments&post=254501"}],"version-history":[{"count":0,"href":"https:\/\/archive.sana.sy\/es\/index.php?rest_route=\/wp\/v2\/posts\/254501\/revisions"}],"wp:featuredmedia":[{"embeddable":true,"href":"https:\/\/archive.sana.sy\/es\/index.php?rest_route=\/wp\/v2\/media\/254502"}],"wp:attachment":[{"href":"https:\/\/archive.sana.sy\/es\/index.php?rest_route=%2Fwp%2Fv2%2Fmedia&parent=254501"}],"wp:term":[{"taxonomy":"category","embeddable":true,"href":"https:\/\/archive.sana.sy\/es\/index.php?rest_route=%2Fwp%2Fv2%2Fcategories&post=254501"},{"taxonomy":"post_tag","embeddable":true,"href":"https:\/\/archive.sana.sy\/es\/index.php?rest_route=%2Fwp%2Fv2%2Ftags&post=254501"}],"curies":[{"name":"wp","href":"https:\/\/api.w.org\/{rel}","templated":true}]}}