{"id":254588,"date":"2022-09-27T15:30:38","date_gmt":"2022-09-27T12:30:38","guid":{"rendered":"http:\/\/107.6.182.27\/es\/?p=254588"},"modified":"2023-01-10T15:52:35","modified_gmt":"2023-01-10T13:52:35","slug":"la-situacion-de-los-gasoductos-nord-stream-afecta-la-seguridad-energetica-de-toda-europa-afirma-el-kremlin","status":"publish","type":"post","link":"https:\/\/archive.sana.sy\/es\/?p=254588","title":{"rendered":"La situaci\u00f3n de los gasoductos Nord Stream afecta la seguridad energ\u00e9tica de toda Europa, afirma el Kremlin"},"content":{"rendered":"<p style=\"text-align: justify;\"><span style=\"color: #800000;\"><strong>Mosc\u00fa, 27 sep (SANA)<\/strong> <\/span>Rusia est\u00e1 muy preocupada por los informes de da\u00f1os registrados en los gasoductos Nord Stream y Nord Stream 2, declar\u00f3 el portavoz del presidente ruso, Dmitri Peskov, citado por RT.<\/p>\n<p style=\"text-align: justify;\">Calific\u00f3 la situaci\u00f3n como &#8220;alarmante&#8221; y asegur\u00f3 que se necesita una investigaci\u00f3n inmediata.<\/p>\n<p style=\"text-align: justify;\">&#8220;Se trata de una situaci\u00f3n totalmente in\u00e9dita que requiere una investigaci\u00f3n urgente. Estamos muy preocupados por estas noticias&#8221;, coment\u00f3 Peskov.<\/p>\n<p style=\"text-align: justify;\">&#8220;Obviamente, hay alg\u00fan tipo de destrucci\u00f3n en la tuber\u00eda. Y la causa: no podemos descartar ninguna opci\u00f3n antes de que est\u00e9n disponibles los resultados de la investigaci\u00f3n&#8221;, se\u00f1al\u00f3, al responder si el Kremlin considera un sabotaje como la causa de los da\u00f1os.<\/p>\n<p style=\"text-align: justify;\">El portavoz presidencial subray\u00f3 que &#8220;sin duda alguna, es un asunto que afecta la seguridad energ\u00e9tica de todo el continente&#8221; europeo. Al ser preguntado sobre una posibilidad de contacto sobre la situaci\u00f3n entre el presidente Vlad\u00edmir Putin y el canciller alem\u00e1n Olaf Scholz, Peskov manifest\u00f3 que los mantiene la compa\u00f1\u00eda operadora.<\/p>\n<p style=\"text-align: justify;\">fm<\/p>\n<p style=\"text-align: justify;\">\n","protected":false},"excerpt":{"rendered":"<p>Mosc\u00fa, 27 sep (SANA) Rusia est\u00e1 muy preocupada por los informes de da\u00f1os registrados en los gasoductos Nord Stream y Nord Stream 2, declar\u00f3 el portavoz del presidente ruso, Dmitri Peskov, citado por RT. Calific\u00f3 la situaci\u00f3n como &#8220;alarmante&#8221; y asegur\u00f3 que se necesita una investigaci\u00f3n inmediata. &#8220;Se trata de una situaci\u00f3n totalmente in\u00e9dita que &hellip;<\/p>\n","protected":false},"author":34,"featured_media":254589,"comment_status":"closed","ping_status":"closed","sticky":false,"template":"","format":"standard","meta":{"footnotes":""},"categories":[597,456,20724,7541],"tags":[],"class_list":["post-254588","post","type-post","status-publish","format-standard","has-post-thumbnail","","category-cinta-de-noticias","category-arabe-internacional-politica","category-minuto-a-minuto","category-ultimas-noticias"],"_links":{"self":[{"href":"https:\/\/archive.sana.sy\/es\/index.php?rest_route=\/wp\/v2\/posts\/254588"}],"collection":[{"href":"https:\/\/archive.sana.sy\/es\/index.php?rest_route=\/wp\/v2\/posts"}],"about":[{"href":"https:\/\/archive.sana.sy\/es\/index.php?rest_route=\/wp\/v2\/types\/post"}],"author":[{"embeddable":true,"href":"https:\/\/archive.sana.sy\/es\/index.php?rest_route=\/wp\/v2\/users\/34"}],"replies":[{"embeddable":true,"href":"https:\/\/archive.sana.sy\/es\/index.php?rest_route=%2Fwp%2Fv2%2Fcomments&post=254588"}],"version-history":[{"count":0,"href":"https:\/\/archive.sana.sy\/es\/index.php?rest_route=\/wp\/v2\/posts\/254588\/revisions"}],"wp:featuredmedia":[{"embeddable":true,"href":"https:\/\/archive.sana.sy\/es\/index.php?rest_route=\/wp\/v2\/media\/254589"}],"wp:attachment":[{"href":"https:\/\/archive.sana.sy\/es\/index.php?rest_route=%2Fwp%2Fv2%2Fmedia&parent=254588"}],"wp:term":[{"taxonomy":"category","embeddable":true,"href":"https:\/\/archive.sana.sy\/es\/index.php?rest_route=%2Fwp%2Fv2%2Fcategories&post=254588"},{"taxonomy":"post_tag","embeddable":true,"href":"https:\/\/archive.sana.sy\/es\/index.php?rest_route=%2Fwp%2Fv2%2Ftags&post=254588"}],"curies":[{"name":"wp","href":"https:\/\/api.w.org\/{rel}","templated":true}]}}