{"id":254591,"date":"2022-09-27T15:35:51","date_gmt":"2022-09-27T12:35:51","guid":{"rendered":"http:\/\/107.6.182.27\/es\/?p=254591"},"modified":"2023-01-10T15:52:35","modified_gmt":"2023-01-10T13:52:35","slug":"los-gasoductos-nord-stream-sufrieron-danos-sin-precedentes","status":"publish","type":"post","link":"https:\/\/archive.sana.sy\/es\/?p=254591","title":{"rendered":"Los gasoductos Nord Stream sufrieron da\u00f1os &#8220;sin precedentes&#8221;"},"content":{"rendered":"<p style=\"text-align: justify;\"><span style=\"color: #800000;\"><strong>Mosc\u00fa, 27 sep (SANA)<\/strong> <\/span>El operador del Nord Stream 1 se ha pronunciado sobre las emergencias registradas en los gasoductos rusos, tanto en el Nord Stream 1 como el Nord Stream 2, que sufrieron ca\u00eddas de presi\u00f3n.<\/p>\n<p style=\"text-align: justify;\">&#8220;Los da\u00f1os que se produjeron simult\u00e1neamente el mismo d\u00eda en los tres conductos submarinos del sistema Nord Stream son de car\u00e1cter sin precedentes&#8221;, indic\u00f3 Nord Stream AG en un comunicado, difundido por medios locales.<\/p>\n<p style=\"text-align: justify;\">La compa\u00f1\u00eda agreg\u00f3 que &#8220;es imposible estimar los plazos del restablecimiento de la operabilidad de la infraestructura de transporte de gas&#8221;.<\/p>\n<p style=\"text-align: justify;\">fm<\/p>\n<p style=\"text-align: justify;\">\n","protected":false},"excerpt":{"rendered":"<p>Mosc\u00fa, 27 sep (SANA) El operador del Nord Stream 1 se ha pronunciado sobre las emergencias registradas en los gasoductos rusos, tanto en el Nord Stream 1 como el Nord Stream 2, que sufrieron ca\u00eddas de presi\u00f3n. &#8220;Los da\u00f1os que se produjeron simult\u00e1neamente el mismo d\u00eda en los tres conductos submarinos del sistema Nord Stream &hellip;<\/p>\n","protected":false},"author":34,"featured_media":254592,"comment_status":"closed","ping_status":"closed","sticky":false,"template":"","format":"standard","meta":{"footnotes":""},"categories":[597,456,20724],"tags":[],"class_list":["post-254591","post","type-post","status-publish","format-standard","has-post-thumbnail","","category-cinta-de-noticias","category-arabe-internacional-politica","category-minuto-a-minuto"],"_links":{"self":[{"href":"https:\/\/archive.sana.sy\/es\/index.php?rest_route=\/wp\/v2\/posts\/254591"}],"collection":[{"href":"https:\/\/archive.sana.sy\/es\/index.php?rest_route=\/wp\/v2\/posts"}],"about":[{"href":"https:\/\/archive.sana.sy\/es\/index.php?rest_route=\/wp\/v2\/types\/post"}],"author":[{"embeddable":true,"href":"https:\/\/archive.sana.sy\/es\/index.php?rest_route=\/wp\/v2\/users\/34"}],"replies":[{"embeddable":true,"href":"https:\/\/archive.sana.sy\/es\/index.php?rest_route=%2Fwp%2Fv2%2Fcomments&post=254591"}],"version-history":[{"count":0,"href":"https:\/\/archive.sana.sy\/es\/index.php?rest_route=\/wp\/v2\/posts\/254591\/revisions"}],"wp:featuredmedia":[{"embeddable":true,"href":"https:\/\/archive.sana.sy\/es\/index.php?rest_route=\/wp\/v2\/media\/254592"}],"wp:attachment":[{"href":"https:\/\/archive.sana.sy\/es\/index.php?rest_route=%2Fwp%2Fv2%2Fmedia&parent=254591"}],"wp:term":[{"taxonomy":"category","embeddable":true,"href":"https:\/\/archive.sana.sy\/es\/index.php?rest_route=%2Fwp%2Fv2%2Fcategories&post=254591"},{"taxonomy":"post_tag","embeddable":true,"href":"https:\/\/archive.sana.sy\/es\/index.php?rest_route=%2Fwp%2Fv2%2Ftags&post=254591"}],"curies":[{"name":"wp","href":"https:\/\/api.w.org\/{rel}","templated":true}]}}