{"id":254594,"date":"2022-09-27T16:13:42","date_gmt":"2022-09-27T13:13:42","guid":{"rendered":"http:\/\/107.6.182.27\/es\/?p=254594"},"modified":"2023-01-10T15:52:35","modified_gmt":"2023-01-10T13:52:35","slug":"putin-las-sanciones-contra-rusia-amenazan-con-agravar-la-crisis-alimentaria-global","status":"publish","type":"post","link":"https:\/\/archive.sana.sy\/es\/?p=254594","title":{"rendered":"Putin: Las sanciones contra Rusia amenazan con agravar la crisis alimentaria global"},"content":{"rendered":"<p style=\"text-align: justify;\"><span style=\"color: #800000;\"><strong>Mosc\u00fa, 27 sep (SANA)<\/strong><\/span> El presidente de Rusia, Vlad\u00edmir Putin, denunci\u00f3 que las exportaciones rusas de cereales y fertilizantes siguen obstaculizadas por las sanciones de Occidente, lo que podr\u00eda provocar la crisis alimentaria mundial, difundi\u00f3 la cadena rusa RT.<\/p>\n<p style=\"text-align: justify;\">&#8220;Occidente est\u00e1 provocando una crisis alimentaria mundial. En estas condiciones, tenemos que garantizar nuestra seguridad alimentaria, reducir la dependencia de las importaciones, incluidos los equipos, la maquinaria y las semillas&#8221;, asever\u00f3.<\/p>\n<p style=\"text-align: justify;\">El jefe de Estado indic\u00f3 que &#8220;las sanciones contra Rusia amenazan con agravar a\u00fan m\u00e1s la situaci\u00f3n y provocar una crisis alimentaria global a la que el mundo se dirige desde hace varios a\u00f1os&#8221;.<\/p>\n<p style=\"text-align: justify;\">El mandatario lament\u00f3 que el grano de Ucrania sigue sin llegar a los pa\u00edses m\u00e1s pobres, y detall\u00f3 que solo cuatro de los 203 barcos hab\u00edan partido hacia esas naciones.<\/p>\n<p style=\"text-align: justify;\">Putin tambi\u00e9n inform\u00f3 que Rusia podr\u00eda cosechar 150 millones de toneladas de grano este a\u00f1o, con unos 100 millones de toneladas de trigo, lo que es un &#8220;r\u00e9cord hist\u00f3rico&#8221;.<\/p>\n<p style=\"text-align: justify;\">fm<\/p>\n","protected":false},"excerpt":{"rendered":"<p>Mosc\u00fa, 27 sep (SANA) El presidente de Rusia, Vlad\u00edmir Putin, denunci\u00f3 que las exportaciones rusas de cereales y fertilizantes siguen obstaculizadas por las sanciones de Occidente, lo que podr\u00eda provocar la crisis alimentaria mundial, difundi\u00f3 la cadena rusa RT. &#8220;Occidente est\u00e1 provocando una crisis alimentaria mundial. En estas condiciones, tenemos que garantizar nuestra seguridad alimentaria, &hellip;<\/p>\n","protected":false},"author":34,"featured_media":254595,"comment_status":"closed","ping_status":"closed","sticky":false,"template":"","format":"standard","meta":{"footnotes":""},"categories":[597,456,20724,7541],"tags":[],"class_list":["post-254594","post","type-post","status-publish","format-standard","has-post-thumbnail","","category-cinta-de-noticias","category-arabe-internacional-politica","category-minuto-a-minuto","category-ultimas-noticias"],"_links":{"self":[{"href":"https:\/\/archive.sana.sy\/es\/index.php?rest_route=\/wp\/v2\/posts\/254594"}],"collection":[{"href":"https:\/\/archive.sana.sy\/es\/index.php?rest_route=\/wp\/v2\/posts"}],"about":[{"href":"https:\/\/archive.sana.sy\/es\/index.php?rest_route=\/wp\/v2\/types\/post"}],"author":[{"embeddable":true,"href":"https:\/\/archive.sana.sy\/es\/index.php?rest_route=\/wp\/v2\/users\/34"}],"replies":[{"embeddable":true,"href":"https:\/\/archive.sana.sy\/es\/index.php?rest_route=%2Fwp%2Fv2%2Fcomments&post=254594"}],"version-history":[{"count":0,"href":"https:\/\/archive.sana.sy\/es\/index.php?rest_route=\/wp\/v2\/posts\/254594\/revisions"}],"wp:featuredmedia":[{"embeddable":true,"href":"https:\/\/archive.sana.sy\/es\/index.php?rest_route=\/wp\/v2\/media\/254595"}],"wp:attachment":[{"href":"https:\/\/archive.sana.sy\/es\/index.php?rest_route=%2Fwp%2Fv2%2Fmedia&parent=254594"}],"wp:term":[{"taxonomy":"category","embeddable":true,"href":"https:\/\/archive.sana.sy\/es\/index.php?rest_route=%2Fwp%2Fv2%2Fcategories&post=254594"},{"taxonomy":"post_tag","embeddable":true,"href":"https:\/\/archive.sana.sy\/es\/index.php?rest_route=%2Fwp%2Fv2%2Ftags&post=254594"}],"curies":[{"name":"wp","href":"https:\/\/api.w.org\/{rel}","templated":true}]}}