{"id":254597,"date":"2022-09-27T16:20:05","date_gmt":"2022-09-27T13:20:05","guid":{"rendered":"http:\/\/107.6.182.27\/es\/?p=254597"},"modified":"2022-09-27T16:20:05","modified_gmt":"2022-09-27T13:20:05","slug":"la-situacion-en-siria-y-la-cooperacion-bilateral-centran-conversaciones-de-bogdanov-y-haddad","status":"publish","type":"post","link":"https:\/\/archive.sana.sy\/es\/?p=254597","title":{"rendered":"La situaci\u00f3n en Siria y la cooperaci\u00f3n bilateral centran conversaciones de Bogdanov y Haddad"},"content":{"rendered":"<p style=\"text-align: justify;\"><span style=\"color: #800000;\"><strong>Mosc\u00fa, 27 sep (SANA)<\/strong><\/span> El representante especial del Presidente de Rusia para Asuntos de Medio Oriente y \u00c1frica y vicecanciller Mikhail Bogdanov, repas\u00f3 con el embajador de Siria en Mosc\u00fa, Riad Haddad, los \u00faltimos desarrollos en Siria y temas de cooperaci\u00f3n bilateral y otros.<\/p>\n<p style=\"text-align: justify;\">En una declaraci\u00f3n, el Ministerio de Relaciones Exteriores de Rusia comunic\u00f3 que durante la reuni\u00f3n, tuvo lugar un profundo intercambio de puntos de vista sobre la evoluci\u00f3n de la situaci\u00f3n en Siria y sus alrededores, y se hizo un enfoque en las tareas de promover un arreglo integral.<\/p>\n<p style=\"text-align: justify;\">Tambi\u00e9n se estudiaron cuestiones para fortalecer a\u00fan m\u00e1s la cooperaci\u00f3n multifac\u00e9tica ruso-siria.<\/p>\n<p style=\"text-align: justify;\">fm<\/p>\n","protected":false},"excerpt":{"rendered":"<p>Mosc\u00fa, 27 sep (SANA) El representante especial del Presidente de Rusia para Asuntos de Medio Oriente y \u00c1frica y vicecanciller Mikhail Bogdanov, repas\u00f3 con el embajador de Siria en Mosc\u00fa, Riad Haddad, los \u00faltimos desarrollos en Siria y temas de cooperaci\u00f3n bilateral y otros. En una declaraci\u00f3n, el Ministerio de Relaciones Exteriores de Rusia comunic\u00f3 &hellip;<\/p>\n","protected":false},"author":34,"featured_media":254598,"comment_status":"closed","ping_status":"closed","sticky":false,"template":"","format":"standard","meta":{"footnotes":""},"categories":[597,20724,457,467,7541],"tags":[],"class_list":["post-254597","post","type-post","status-publish","format-standard","has-post-thumbnail","","category-cinta-de-noticias","category-minuto-a-minuto","category-noticias-arabe-internacional-politica","category-siria-y-el-mundo","category-ultimas-noticias"],"_links":{"self":[{"href":"https:\/\/archive.sana.sy\/es\/index.php?rest_route=\/wp\/v2\/posts\/254597"}],"collection":[{"href":"https:\/\/archive.sana.sy\/es\/index.php?rest_route=\/wp\/v2\/posts"}],"about":[{"href":"https:\/\/archive.sana.sy\/es\/index.php?rest_route=\/wp\/v2\/types\/post"}],"author":[{"embeddable":true,"href":"https:\/\/archive.sana.sy\/es\/index.php?rest_route=\/wp\/v2\/users\/34"}],"replies":[{"embeddable":true,"href":"https:\/\/archive.sana.sy\/es\/index.php?rest_route=%2Fwp%2Fv2%2Fcomments&post=254597"}],"version-history":[{"count":0,"href":"https:\/\/archive.sana.sy\/es\/index.php?rest_route=\/wp\/v2\/posts\/254597\/revisions"}],"wp:featuredmedia":[{"embeddable":true,"href":"https:\/\/archive.sana.sy\/es\/index.php?rest_route=\/wp\/v2\/media\/254598"}],"wp:attachment":[{"href":"https:\/\/archive.sana.sy\/es\/index.php?rest_route=%2Fwp%2Fv2%2Fmedia&parent=254597"}],"wp:term":[{"taxonomy":"category","embeddable":true,"href":"https:\/\/archive.sana.sy\/es\/index.php?rest_route=%2Fwp%2Fv2%2Fcategories&post=254597"},{"taxonomy":"post_tag","embeddable":true,"href":"https:\/\/archive.sana.sy\/es\/index.php?rest_route=%2Fwp%2Fv2%2Ftags&post=254597"}],"curies":[{"name":"wp","href":"https:\/\/api.w.org\/{rel}","templated":true}]}}