{"id":254672,"date":"2022-09-28T10:41:32","date_gmt":"2022-09-28T07:41:32","guid":{"rendered":"http:\/\/107.6.182.27\/es\/?p=254672"},"modified":"2023-01-10T15:52:33","modified_gmt":"2023-01-10T13:52:33","slug":"abdollahian-alcanzar-un-acuerdo-es-posible-si-estados-unidos-adopta-enfoque-realista","status":"publish","type":"post","link":"https:\/\/archive.sana.sy\/es\/?p=254672","title":{"rendered":"Abdollahian: Alcanzar un acuerdo es posible si Estados Unidos adopta enfoque realista"},"content":{"rendered":"<p style=\"text-align: justify;\"><span style=\"color: #800000;\"><strong>Nueva York, 28 sep (SANA)\u00a0<\/strong> <\/span>\u00a0El ministro de Relaciones Exteriores de Ir\u00e1n, Hossein Amir Abdollahian, examin\u00f3 con el secretario general de las Naciones Unidas, Antonio Guterres, los \u00faltimos desarrollos relacionados con las negociaciones para levantar el embargo a su pa\u00eds.<\/p>\n<p style=\"text-align: justify;\">&#8220;Se puede llegar a un acuerdo si Estados Unidos adopta un enfoque realista&#8221;, dijo Abdullahian durante la reuni\u00f3n que tuvo lugar al margen de la 77\u00aa periodo ordinario de sesiones de la Asamblea General de las Naciones Unidas en Nueva York.<\/p>\n<p style=\"text-align: justify;\">Abdullahian reafirm\u00f3 la soberan\u00eda de la democracia en la Rep\u00fablica Isl\u00e1mica de Ir\u00e1n, y consider\u00f3 que la protesta pac\u00edfica es un derecho del pueblo, pero se diferencia del caos y la alteraci\u00f3n del orden p\u00fablico del pa\u00eds.<\/p>\n<p style=\"text-align: justify;\">Por su parte, Guterres afirm\u00f3 que la ONU siempre hemos apoyado el retorno de todas las partes al acuerdo, y esper\u00f3 ver pronto su consecuci\u00f3n.<\/p>\n<p style=\"text-align: justify;\">Elogi\u00f3 el importante papel de la Rep\u00fablica Isl\u00e1mica de Ir\u00e1n en la contribuci\u00f3n a la paz y la seguridad en la regi\u00f3n.<\/p>\n<p style=\"text-align: justify;\">ed\/fm<\/p>\n","protected":false},"excerpt":{"rendered":"<p>Nueva York, 28 sep (SANA)\u00a0 \u00a0El ministro de Relaciones Exteriores de Ir\u00e1n, Hossein Amir Abdollahian, examin\u00f3 con el secretario general de las Naciones Unidas, Antonio Guterres, los \u00faltimos desarrollos relacionados con las negociaciones para levantar el embargo a su pa\u00eds. &#8220;Se puede llegar a un acuerdo si Estados Unidos adopta un enfoque realista&#8221;, dijo Abdullahian &hellip;<\/p>\n","protected":false},"author":32,"featured_media":254673,"comment_status":"closed","ping_status":"closed","sticky":false,"template":"","format":"standard","meta":{"footnotes":""},"categories":[597,456,20724,7541],"tags":[8813,8799],"class_list":["post-254672","post","type-post","status-publish","format-standard","has-post-thumbnail","","category-cinta-de-noticias","category-arabe-internacional-politica","category-minuto-a-minuto","category-ultimas-noticias","tag-nueva-york","tag-onu"],"_links":{"self":[{"href":"https:\/\/archive.sana.sy\/es\/index.php?rest_route=\/wp\/v2\/posts\/254672"}],"collection":[{"href":"https:\/\/archive.sana.sy\/es\/index.php?rest_route=\/wp\/v2\/posts"}],"about":[{"href":"https:\/\/archive.sana.sy\/es\/index.php?rest_route=\/wp\/v2\/types\/post"}],"author":[{"embeddable":true,"href":"https:\/\/archive.sana.sy\/es\/index.php?rest_route=\/wp\/v2\/users\/32"}],"replies":[{"embeddable":true,"href":"https:\/\/archive.sana.sy\/es\/index.php?rest_route=%2Fwp%2Fv2%2Fcomments&post=254672"}],"version-history":[{"count":0,"href":"https:\/\/archive.sana.sy\/es\/index.php?rest_route=\/wp\/v2\/posts\/254672\/revisions"}],"wp:featuredmedia":[{"embeddable":true,"href":"https:\/\/archive.sana.sy\/es\/index.php?rest_route=\/wp\/v2\/media\/254673"}],"wp:attachment":[{"href":"https:\/\/archive.sana.sy\/es\/index.php?rest_route=%2Fwp%2Fv2%2Fmedia&parent=254672"}],"wp:term":[{"taxonomy":"category","embeddable":true,"href":"https:\/\/archive.sana.sy\/es\/index.php?rest_route=%2Fwp%2Fv2%2Fcategories&post=254672"},{"taxonomy":"post_tag","embeddable":true,"href":"https:\/\/archive.sana.sy\/es\/index.php?rest_route=%2Fwp%2Fv2%2Ftags&post=254672"}],"curies":[{"name":"wp","href":"https:\/\/api.w.org\/{rel}","templated":true}]}}