{"id":254681,"date":"2022-09-28T12:21:31","date_gmt":"2022-09-28T09:21:31","guid":{"rendered":"http:\/\/107.6.182.27\/es\/?p=254681"},"modified":"2023-01-10T15:52:32","modified_gmt":"2023-01-10T13:52:32","slug":"agresion-israeli-contra-campamento-de-jenin-en-cisjordania-deja-tres-palestinos-muertos","status":"publish","type":"post","link":"https:\/\/archive.sana.sy\/es\/?p=254681","title":{"rendered":"Cuatro m\u00e1rtires palestinos por agresi\u00f3n israel\u00ed contra campamento de Jenin"},"content":{"rendered":"<p style=\"text-align: justify;\"><span style=\"color: #800000;\"><strong>Jerusal\u00e9n ocupada, 28 sep (SANA)<\/strong>\u00a0<\/span> Las fuerzas de ocupaci\u00f3n israel\u00ed asaltaron este mi\u00e9rcoles el campamento de refugiados en Jenin, en Cisjordania ocupada.<\/p>\n<p style=\"text-align: justify;\">Seg\u00fan informaron medios palestinos, las tropas sionistas atacaron con un misil una de las viviendas, lo que caus\u00f3 la muerte de\u00a0 cuatro palestinos.<\/p>\n<p style=\"text-align: justify;\">Estas redadas violentas israel\u00edes han causado la muerte de decenas de palestinas, en medio de un silencio internacional respecto a estos cr\u00edmenes y violaciones.<\/p>\n<p style=\"text-align: justify;\"><em><strong>ws\/fm<\/strong><\/em><\/p>\n","protected":false},"excerpt":{"rendered":"<p>Jerusal\u00e9n ocupada, 28 sep (SANA)\u00a0 Las fuerzas de ocupaci\u00f3n israel\u00ed asaltaron este mi\u00e9rcoles el campamento de refugiados en Jenin, en Cisjordania ocupada. Seg\u00fan informaron medios palestinos, las tropas sionistas atacaron con un misil una de las viviendas, lo que caus\u00f3 la muerte de\u00a0 cuatro palestinos. Estas redadas violentas israel\u00edes han causado la muerte de decenas &hellip;<\/p>\n","protected":false},"author":35,"featured_media":254682,"comment_status":"closed","ping_status":"closed","sticky":false,"template":"","format":"standard","meta":{"footnotes":""},"categories":[597,456,20724,583,7541],"tags":[],"class_list":["post-254681","post","type-post","status-publish","format-standard","has-post-thumbnail","","category-cinta-de-noticias","category-arabe-internacional-politica","category-minuto-a-minuto","category-slide","category-ultimas-noticias"],"_links":{"self":[{"href":"https:\/\/archive.sana.sy\/es\/index.php?rest_route=\/wp\/v2\/posts\/254681"}],"collection":[{"href":"https:\/\/archive.sana.sy\/es\/index.php?rest_route=\/wp\/v2\/posts"}],"about":[{"href":"https:\/\/archive.sana.sy\/es\/index.php?rest_route=\/wp\/v2\/types\/post"}],"author":[{"embeddable":true,"href":"https:\/\/archive.sana.sy\/es\/index.php?rest_route=\/wp\/v2\/users\/35"}],"replies":[{"embeddable":true,"href":"https:\/\/archive.sana.sy\/es\/index.php?rest_route=%2Fwp%2Fv2%2Fcomments&post=254681"}],"version-history":[{"count":0,"href":"https:\/\/archive.sana.sy\/es\/index.php?rest_route=\/wp\/v2\/posts\/254681\/revisions"}],"wp:featuredmedia":[{"embeddable":true,"href":"https:\/\/archive.sana.sy\/es\/index.php?rest_route=\/wp\/v2\/media\/254682"}],"wp:attachment":[{"href":"https:\/\/archive.sana.sy\/es\/index.php?rest_route=%2Fwp%2Fv2%2Fmedia&parent=254681"}],"wp:term":[{"taxonomy":"category","embeddable":true,"href":"https:\/\/archive.sana.sy\/es\/index.php?rest_route=%2Fwp%2Fv2%2Fcategories&post=254681"},{"taxonomy":"post_tag","embeddable":true,"href":"https:\/\/archive.sana.sy\/es\/index.php?rest_route=%2Fwp%2Fv2%2Ftags&post=254681"}],"curies":[{"name":"wp","href":"https:\/\/api.w.org\/{rel}","templated":true}]}}