{"id":254772,"date":"2022-09-28T21:12:11","date_gmt":"2022-09-28T18:12:11","guid":{"rendered":"http:\/\/107.6.182.27\/es\/?p=254772"},"modified":"2023-01-10T15:52:30","modified_gmt":"2023-01-10T13:52:30","slug":"agresiones-israelies-contra-siria-y-libano-agravan-la-situacion-en-la-region-afirma-moscu","status":"publish","type":"post","link":"https:\/\/archive.sana.sy\/es\/?p=254772","title":{"rendered":"Agresiones israel\u00edes contra Siria y L\u00edbano agravan la situaci\u00f3n en la regi\u00f3n, afirma Mosc\u00fa"},"content":{"rendered":"<p style=\"text-align: justify;\"><span style=\"color: #800000;\"><strong>Nueva York, 28 sep (SANA)\u00a0<\/strong> <\/span>\u00a0Rusia confirm\u00f3 su rechazo y denuncia a los ataques israel\u00edes contra Siria y el L\u00edbano, y se\u00f1al\u00f3 que estos ataques amenazan a los pa\u00edses de la regi\u00f3n y agravan la situaci\u00f3n en la misma, inform\u00f3 este mi\u00e9rcoles la agencia rusa de prensa TASS.<\/p>\n<p style=\"text-align: justify;\">&#8220;Las medidas israel\u00edes arbitrarias e ilegales van m\u00e1s all\u00e1 de Cisjordania y la Franja de Gaza, ya que afectan a otros estados \u00e1rabes vecinos, al cometer provocaciones que resultaron en numerosos incidentes que violan su soberan\u00eda\u201d, declar\u00f3 el representante permanente adjunto de Rusia ante las Naciones Unidas, Dmitry Polyansky, en referencia a Siria y el L\u00edbano.<\/p>\n<p style=\"text-align: justify;\">El diplom\u00e1tico ruso agreg\u00f3 que su pa\u00eds se opone a tales m\u00e9todos que crean amenazas para otros pa\u00edses e inflaman la situaci\u00f3n en la regi\u00f3n en su conjunto.<\/p>\n<p style=\"text-align: justify;\">Asimismo enfatiz\u00f3 que la comunidad internacional debe desempe\u00f1ar un papel constructivo para poner fin al conflicto palestino-israel\u00ed y aliviar los graves da\u00f1os sociales y econ\u00f3micos en los territorios ocupados.<\/p>\n<p style=\"text-align: justify;\">sm\/mm<\/p>\n","protected":false},"excerpt":{"rendered":"<p>Nueva York, 28 sep (SANA)\u00a0 \u00a0Rusia confirm\u00f3 su rechazo y denuncia a los ataques israel\u00edes contra Siria y el L\u00edbano, y se\u00f1al\u00f3 que estos ataques amenazan a los pa\u00edses de la regi\u00f3n y agravan la situaci\u00f3n en la misma, inform\u00f3 este mi\u00e9rcoles la agencia rusa de prensa TASS. &#8220;Las medidas israel\u00edes arbitrarias e ilegales van &hellip;<\/p>\n","protected":false},"author":39,"featured_media":254773,"comment_status":"closed","ping_status":"closed","sticky":false,"template":"","format":"standard","meta":{"footnotes":""},"categories":[597,456,20724,467,7541],"tags":[20617,8542,7016,19932,6553],"class_list":["post-254772","post","type-post","status-publish","format-standard","has-post-thumbnail","","category-cinta-de-noticias","category-arabe-internacional-politica","category-minuto-a-minuto","category-siria-y-el-mundo","category-ultimas-noticias","tag-agresiones-israelies","tag-libano","tag-moscu","tag-naciones-unidas","tag-siria"],"_links":{"self":[{"href":"https:\/\/archive.sana.sy\/es\/index.php?rest_route=\/wp\/v2\/posts\/254772"}],"collection":[{"href":"https:\/\/archive.sana.sy\/es\/index.php?rest_route=\/wp\/v2\/posts"}],"about":[{"href":"https:\/\/archive.sana.sy\/es\/index.php?rest_route=\/wp\/v2\/types\/post"}],"author":[{"embeddable":true,"href":"https:\/\/archive.sana.sy\/es\/index.php?rest_route=\/wp\/v2\/users\/39"}],"replies":[{"embeddable":true,"href":"https:\/\/archive.sana.sy\/es\/index.php?rest_route=%2Fwp%2Fv2%2Fcomments&post=254772"}],"version-history":[{"count":0,"href":"https:\/\/archive.sana.sy\/es\/index.php?rest_route=\/wp\/v2\/posts\/254772\/revisions"}],"wp:featuredmedia":[{"embeddable":true,"href":"https:\/\/archive.sana.sy\/es\/index.php?rest_route=\/wp\/v2\/media\/254773"}],"wp:attachment":[{"href":"https:\/\/archive.sana.sy\/es\/index.php?rest_route=%2Fwp%2Fv2%2Fmedia&parent=254772"}],"wp:term":[{"taxonomy":"category","embeddable":true,"href":"https:\/\/archive.sana.sy\/es\/index.php?rest_route=%2Fwp%2Fv2%2Fcategories&post=254772"},{"taxonomy":"post_tag","embeddable":true,"href":"https:\/\/archive.sana.sy\/es\/index.php?rest_route=%2Fwp%2Fv2%2Ftags&post=254772"}],"curies":[{"name":"wp","href":"https:\/\/api.w.org\/{rel}","templated":true}]}}