{"id":254785,"date":"2022-09-29T05:48:34","date_gmt":"2022-09-29T02:48:34","guid":{"rendered":"http:\/\/107.6.182.27\/es\/?p=254785"},"modified":"2022-09-29T05:54:58","modified_gmt":"2022-09-29T02:54:58","slug":"confirman-426-casos-de-colera-en-siria-y-los-fallecidos-suman-ya-33","status":"publish","type":"post","link":"https:\/\/archive.sana.sy\/es\/?p=254785","title":{"rendered":"Confirman 426 casos de c\u00f3lera en Siria y los fallecidos suman ya 33"},"content":{"rendered":"<p style=\"text-align: justify;\"><span style=\"color: #800000;\"><strong>Damasco, 29 sep (SANA)<\/strong><\/span>\u00a0 El Ministerio de Salud anunci\u00f3 hoy que ya suman 426 los casos de c\u00f3lera confirmados por medio de pruebas r\u00e1pidas.<\/p>\n<p style=\"text-align: justify;\">El ente aclar\u00f3 que en Alepo hay 260 infectados mientras en Deir Ezzor 72, Hasakeh 30, Raqa 26, Latakia 19, Homs 5, Damasco 5, Sweida 5, Deraa 3 y Quneitra 1.<\/p>\n<p style=\"text-align: justify;\">Asimismo, revel\u00f3 que el n\u00famero total acumulado de muertes por c\u00f3lera lleg\u00f3 a 33, (28 en Alepo, 3 en Hasakeh y 2 en Deir Ezzor.<\/p>\n<p style=\"text-align: justify;\">Se\u00f1al\u00f3 que la mayor\u00eda de los fallecimientos se deben a la demora en buscar atenci\u00f3n m\u00e9dica temprana, o por ser personas que padecen de enfermedades cr\u00f3nicas.<\/p>\n<p style=\"text-align: justify;\">fm<\/p>\n","protected":false},"excerpt":{"rendered":"<p>Damasco, 29 sep (SANA)\u00a0 El Ministerio de Salud anunci\u00f3 hoy que ya suman 426 los casos de c\u00f3lera confirmados por medio de pruebas r\u00e1pidas. El ente aclar\u00f3 que en Alepo hay 260 infectados mientras en Deir Ezzor 72, Hasakeh 30, Raqa 26, Latakia 19, Homs 5, Damasco 5, Sweida 5, Deraa 3 y Quneitra 1. &hellip;<\/p>\n","protected":false},"author":34,"featured_media":254786,"comment_status":"closed","ping_status":"closed","sticky":false,"template":"","format":"standard","meta":{"footnotes":""},"categories":[447,477,597,20724,476,583,7541],"tags":[],"class_list":["post-254785","post","type-post","status-publish","format-standard","has-post-thumbnail","","category-local-politica","category-noticias-edulcorantes","category-cinta-de-noticias","category-minuto-a-minuto","category-locales","category-slide","category-ultimas-noticias"],"_links":{"self":[{"href":"https:\/\/archive.sana.sy\/es\/index.php?rest_route=\/wp\/v2\/posts\/254785"}],"collection":[{"href":"https:\/\/archive.sana.sy\/es\/index.php?rest_route=\/wp\/v2\/posts"}],"about":[{"href":"https:\/\/archive.sana.sy\/es\/index.php?rest_route=\/wp\/v2\/types\/post"}],"author":[{"embeddable":true,"href":"https:\/\/archive.sana.sy\/es\/index.php?rest_route=\/wp\/v2\/users\/34"}],"replies":[{"embeddable":true,"href":"https:\/\/archive.sana.sy\/es\/index.php?rest_route=%2Fwp%2Fv2%2Fcomments&post=254785"}],"version-history":[{"count":0,"href":"https:\/\/archive.sana.sy\/es\/index.php?rest_route=\/wp\/v2\/posts\/254785\/revisions"}],"wp:featuredmedia":[{"embeddable":true,"href":"https:\/\/archive.sana.sy\/es\/index.php?rest_route=\/wp\/v2\/media\/254786"}],"wp:attachment":[{"href":"https:\/\/archive.sana.sy\/es\/index.php?rest_route=%2Fwp%2Fv2%2Fmedia&parent=254785"}],"wp:term":[{"taxonomy":"category","embeddable":true,"href":"https:\/\/archive.sana.sy\/es\/index.php?rest_route=%2Fwp%2Fv2%2Fcategories&post=254785"},{"taxonomy":"post_tag","embeddable":true,"href":"https:\/\/archive.sana.sy\/es\/index.php?rest_route=%2Fwp%2Fv2%2Ftags&post=254785"}],"curies":[{"name":"wp","href":"https:\/\/api.w.org\/{rel}","templated":true}]}}